{"id":383,"date":"2012-09-28T21:33:19","date_gmt":"2012-09-28T21:33:19","guid":{"rendered":"https:\/\/lenablau.wordpress.com\/?p=383"},"modified":"2012-09-28T21:33:19","modified_gmt":"2012-09-28T21:33:19","slug":"gota-a-gota","status":"publish","type":"post","link":"https:\/\/lenablau.com\/?p=383","title":{"rendered":"Gota a gota"},"content":{"rendered":"<p>Gota a gota se me desgasta el alma.<br \/>\nLa lluvia no cesa, pero no consigue llevarse consigo esta inexplicable tristeza.<br \/>\nMe gustar\u00eda salir ah\u00ed fuera y dejar que el agua me purifique; que arrastre consigo esa desesperanza  que a veces ti\u00f1e mi mundo de gris. Desnudarme y gritar a pleno pulm\u00f3n mientras dejo que, gota a gota, mis miedos resbalen por mi piel.<\/p>\n<p>Supongo que as\u00ed somos los escritores. Almas llenas de ilusiones y de creatividad que a veces caemos en un estado de irremediable melancol\u00eda. Quiz\u00e1 necesitemos ser tan volubles para as\u00ed poder resurgir despu\u00e9s y dejar que las historias fluyan. Muchas veces los momentos bajos son los que nos dan una perspectiva diferente. Sufrimos, nos perdemos y cuando por fin nos encontramos de nuevo, las ideas comienzan a tomar forma.<\/p>\n<p>He estado muy inactiva en las \u00faltimas semanas. Las palabras se hab\u00edan quedado encerradas en un viejo desv\u00e1n y no era capaz de encontrar la llave. Pero hoy, a pesar de que mis dedos est\u00e1n muy perezosos, he decidido dejar que tecleen libremente y se expresen.<\/p>\n<p>\u00c9se es el primer paso para volver a escribir con regularidad en mi blog, y tambi\u00e9n para ir recargando la pluma de tinta y comenzar a esbozar otra novela. Las dos primeras siguen buscando su oportunidad entre las editoriales, pero no voy a seguir esperando una respuesta que me anime a seguir escribiendo porque, gota a gota, \u00a1estoy perdiendo un tiempo precioso!<\/p>\n<p>Llega el oto\u00f1o, una \u00e9poca perfecta para recluirse y crear. Las oportunidades vendr\u00e1n, y si no lo hacen, yo misma les dar\u00e9 forma. Creo en mis historias, as\u00ed que si otros no apuestan por ellas yo misma las terminar\u00e9 sacando a la luz. <\/p>\n<p>No obstante, tal y como se titula este post, iremos gota a gota. Seguiremos siendo pacientes y ya veremos qu\u00e9 sucede.<\/p>\n<p>Os dejo por hoy.<br \/>\nLa lluvia sigue cayendo fuera y voy a permitir que mi mente se pierda en su incesante murmullo.<\/p>\n<p>Prometo no tardar en volver a compartir mis divagaciones con vosotros.<br \/>\n\u00a1Un abrazo a todos los que me segu\u00eds!<\/p>\n<p>Y como siempre&#8230; \u00a1Buenas noches y dulces sue\u00f1os!<\/p>\n","protected":false},"excerpt":{"rendered":"<p>Gota a gota se me desgasta el alma. La lluvia no cesa, pero no consigue llevarse consigo esta inexplicable tristeza. Me gustar\u00eda salir ah\u00ed fuera y dejar que el agua me purifique; que arrastre consigo esa desesperanza que a veces ti\u00f1e mi mundo de gris. Desnudarme y gritar a pleno pulm\u00f3n mientras dejo que, gota&hellip; <\/p>\n","protected":false},"author":1,"featured_media":0,"comment_status":"open","ping_status":"open","sticky":false,"template":"","format":"standard","meta":{"spay_email":"","jetpack_publicize_message":"","jetpack_is_tweetstorm":false,"jetpack_publicize_feature_enabled":true},"categories":[1],"tags":[],"jetpack_featured_media_url":"","jetpack_publicize_connections":[],"jetpack_sharing_enabled":true,"jetpack_shortlink":"https:\/\/wp.me\/p9WDl5-6b","jetpack-related-posts":[{"id":303,"url":"https:\/\/lenablau.com\/?p=303","url_meta":{"origin":383,"position":0},"title":"La noche m\u00e1s corta","date":"junio 21, 2012","format":false,"excerpt":"Hoy es la noche m\u00e1s corta del a\u00f1o... O\u00a0el d\u00eda m\u00e1s largo; todo depende de c\u00f3mo lo queramos ver. Ha llegado el verano... O el invierno; una vez m\u00e1s, esto depende de d\u00f3nde estemos. Todo es relativo. Unos vivimos en el hemisferio norte, otros en el sur. Pero lo importante\u2026","rel":"","context":"Entrada similar","img":{"alt_text":"","src":"","width":0,"height":0},"classes":[]},{"id":325,"url":"https:\/\/lenablau.com\/?p=325","url_meta":{"origin":383,"position":1},"title":"Cuando no era tan f\u00e1cil","date":"julio 16, 2012","format":false,"excerpt":"Hoy, paseando bajo la anaranjada luz de la tarde madrile\u00f1a, mientras una suave brisa jugaba caprichosa con los mechones de mi pelo, una vieja m\u00e1quina de escribir polvorienta y decadente ha captado mi atenci\u00f3n de repente. Se asomaba al mundo a trav\u00e9s del cristal de un escaparate y me ha\u2026","rel":"","context":"Entrada similar","img":{"alt_text":"","src":"","width":0,"height":0},"classes":[]},{"id":531,"url":"https:\/\/lenablau.com\/?p=531","url_meta":{"origin":383,"position":2},"title":"Hermanas","date":"febrero 18, 2013","format":false,"excerpt":"Hoy quiero hablar de hermanas, y no me refiero s\u00f3lo a las hermanas de sangre (y eso que la m\u00eda es la mejor hermana biol\u00f3gica que jam\u00e1s podr\u00eda haberme dado la vida, ya que es una compa\u00f1era de viaje excepcional y sin ella una parte de m\u00ed simplemente no existir\u00eda).\u2026","rel":"","context":"Entrada similar","img":{"alt_text":"","src":"","width":0,"height":0},"classes":[]},{"id":261,"url":"https:\/\/lenablau.com\/?p=261","url_meta":{"origin":383,"position":3},"title":"S\u00f3lo di s\u00ed","date":"mayo 25, 2012","format":false,"excerpt":"Quiero decir s\u00ed. Esta noche la palabra \"no\" la dejo a un lado. Ya hay demasiado pesimismo y desconsuelo en los tiempos que vivimos. Me aferro al s\u00ed; s\u00ed a la vida, s\u00ed a so\u00f1ar, s\u00ed a perdonar (no s\u00f3lo a los dem\u00e1s, sino tambi\u00e9n a m\u00ed misma), s\u00ed a\u2026","rel":"","context":"Entrada similar","img":{"alt_text":"","src":"https:\/\/i1.wp.com\/img.youtube.com\/vi\/5VCNhKS-SCo\/0.jpg?resize=350%2C200","width":350,"height":200},"classes":[]},{"id":1024,"url":"https:\/\/lenablau.com\/?p=1024","url_meta":{"origin":383,"position":4},"title":"Yo tambi\u00e9n os leo","date":"agosto 18, 2014","format":false,"excerpt":"Estoy escribiendo este post en una peque\u00f1a casita rural en Asturias a la que me he escapado para olvidarme del tiempo, de la rutina y de los ruidos. Espero que llegue a publicarse en mi blog porque aqu\u00ed la cobertura de mi iPad es p\u00e9sima y tengo que escaparme a\u2026","rel":"","context":"Entrada similar","img":{"alt_text":"","src":"https:\/\/i1.wp.com\/img.youtube.com\/vi\/FMhZ8IImz8c\/0.jpg?resize=350%2C200","width":350,"height":200},"classes":[]},{"id":243,"url":"https:\/\/lenablau.com\/?p=243","url_meta":{"origin":383,"position":5},"title":"Adicta a mi otro yo","date":"mayo 6, 2012","format":false,"excerpt":"La vida real es dif\u00edcil. La rutina nos atrapa con su programado d\u00eda a d\u00eda. Tenemos responsabilidades, preocupaciones, miedos... Es cierto que tambi\u00e9n existen momentos buenos, de esos que nos dan un poquito de gasolina vital para seguir ilusionados y no tirar la toalla. Y muchas veces, esas cosas que\u2026","rel":"","context":"Entrada similar","img":{"alt_text":"","src":"https:\/\/i2.wp.com\/img.youtube.com\/vi\/2t1Jdvphhxk\/0.jpg?resize=350%2C200","width":350,"height":200},"classes":[]}],"_links":{"self":[{"href":"https:\/\/lenablau.com\/index.php?rest_route=\/wp\/v2\/posts\/383"}],"collection":[{"href":"https:\/\/lenablau.com\/index.php?rest_route=\/wp\/v2\/posts"}],"about":[{"href":"https:\/\/lenablau.com\/index.php?rest_route=\/wp\/v2\/types\/post"}],"author":[{"embeddable":true,"href":"https:\/\/lenablau.com\/index.php?rest_route=\/wp\/v2\/users\/1"}],"replies":[{"embeddable":true,"href":"https:\/\/lenablau.com\/index.php?rest_route=%2Fwp%2Fv2%2Fcomments&post=383"}],"version-history":[{"count":0,"href":"https:\/\/lenablau.com\/index.php?rest_route=\/wp\/v2\/posts\/383\/revisions"}],"wp:attachment":[{"href":"https:\/\/lenablau.com\/index.php?rest_route=%2Fwp%2Fv2%2Fmedia&parent=383"}],"wp:term":[{"taxonomy":"category","embeddable":true,"href":"https:\/\/lenablau.com\/index.php?rest_route=%2Fwp%2Fv2%2Fcategories&post=383"},{"taxonomy":"post_tag","embeddable":true,"href":"https:\/\/lenablau.com\/index.php?rest_route=%2Fwp%2Fv2%2Ftags&post=383"}],"curies":[{"name":"wp","href":"https:\/\/api.w.org\/{rel}","templated":true}]}}