{"id":381,"date":"2012-07-27T10:39:09","date_gmt":"2012-07-27T10:39:09","guid":{"rendered":"https:\/\/lenablau.wordpress.com\/?p=381"},"modified":"2012-07-27T10:39:09","modified_gmt":"2012-07-27T10:39:09","slug":"parentesis-en-movimiento","status":"publish","type":"post","link":"https:\/\/lenablau.com\/?p=381","title":{"rendered":"Par\u00e9ntesis en movimiento"},"content":{"rendered":"<p>Paisajes que pasan a toda velocidad ante mis ojos.<br \/>\nEl suave balanceo del vag\u00f3n, que parece mecer mis pensamientos, acunando mis temores, mis ansiedades, y me hace sentir como un beb\u00e9 protegido de la vida real.<br \/>\nMe encuentro en ese m\u00e1gico par\u00e9ntesis entre el origen y el destino; ahora mismo lo \u00fanico que importa es disfrutar del viaje.<br \/>\nHay muchos recuerdos atr\u00e1s y muchas incertidumbres en el horizonte.<br \/>\nPero ahora eso no importa; apoyo mi mejilla contra el g\u00e9lido cristal de la ventana del tren y dejo que mi vista se pierda entre los \u00e1rboles desdibujados; un cementerio fugaz; una estaci\u00f3n abandonada.<br \/>\nDespu\u00e9s, cierro los ojos suavemente e inspiro. Quiero disfrutar de este momento en el que no me hallo en ning\u00fan lugar en concreto. No hay ataduras, ni obligaciones; lo \u00fanico que tengo que hacer es disfrutar del hipn\u00f3tico vaiv\u00e9n del tren y dejar que llegue a su destino mientras yo no pienso, ni tampoco decido.<br \/>\nTengo dos horas para dejarme llevar&#8230;<\/p>\n","protected":false},"excerpt":{"rendered":"<p>Paisajes que pasan a toda velocidad ante mis ojos. El suave balanceo del vag\u00f3n, que parece mecer mis pensamientos, acunando mis temores, mis ansiedades, y me hace sentir como un beb\u00e9 protegido de la vida real. Me encuentro en ese m\u00e1gico par\u00e9ntesis entre el origen y el destino; ahora mismo lo \u00fanico que importa es&hellip; <\/p>\n","protected":false},"author":1,"featured_media":0,"comment_status":"open","ping_status":"open","sticky":false,"template":"","format":"standard","meta":{"spay_email":"","jetpack_publicize_message":"","jetpack_is_tweetstorm":false,"jetpack_publicize_feature_enabled":true},"categories":[1],"tags":[],"jetpack_featured_media_url":"","jetpack_publicize_connections":[],"jetpack_sharing_enabled":true,"jetpack_shortlink":"https:\/\/wp.me\/p9WDl5-69","jetpack-related-posts":[{"id":2095,"url":"https:\/\/lenablau.com\/?p=2095","url_meta":{"origin":381,"position":0},"title":"Un capuchino en silencio","date":"abril 1, 2020","format":false,"excerpt":"M\u00e1s o menos a esta hora, desde que empez\u00f3 el aislamiento, es cuando todos los d\u00edas tengo mi momento. Trato de dejar atr\u00e1s la tristeza que experimento cada ma\u00f1ana al sacar un ratito a Bob a pasear y ver que todo es silencio. Ni un coche. Ni una persona. Ni\u2026","rel":"","context":"Entrada similar","img":{"alt_text":"","src":"https:\/\/i0.wp.com\/lenablau.com\/wp-content\/uploads\/2020\/04\/8439cc16-64e9-455c-8870-e1ff755d42f9-1.jpg?resize=350%2C200","width":350,"height":200},"classes":[]},{"id":258,"url":"https:\/\/lenablau.com\/?p=258","url_meta":{"origin":381,"position":1},"title":"Silencioso tranv\u00eda","date":"mayo 21, 2012","format":false,"excerpt":"En el a\u00f1o 2005 yo viv\u00eda y trabajaba en Nueva Orleans, por lo que experiment\u00e9 en primera persona la llegada del hurac\u00e1n Katrina, que devast\u00f3 gran parte de la ciudad y sus alrededores. Esta experiencia despert\u00f3 mi necesidad de volver a escribir, una pasi\u00f3n que hab\u00eda estado dormida durante mucho\u2026","rel":"","context":"Entrada similar","img":{"alt_text":"","src":"https:\/\/i1.wp.com\/lenablau.com\/wp-content\/uploads\/2018\/05\/Captura-de-pantalla-2018-05-24-a-las-11.32.01-300x219.png?resize=350%2C200","width":350,"height":200},"classes":[]},{"id":303,"url":"https:\/\/lenablau.com\/?p=303","url_meta":{"origin":381,"position":2},"title":"La noche m\u00e1s corta","date":"junio 21, 2012","format":false,"excerpt":"Hoy es la noche m\u00e1s corta del a\u00f1o... O\u00a0el d\u00eda m\u00e1s largo; todo depende de c\u00f3mo lo queramos ver. Ha llegado el verano... O el invierno; una vez m\u00e1s, esto depende de d\u00f3nde estemos. Todo es relativo. Unos vivimos en el hemisferio norte, otros en el sur. Pero lo importante\u2026","rel":"","context":"Entrada similar","img":{"alt_text":"","src":"","width":0,"height":0},"classes":[]},{"id":1030,"url":"https:\/\/lenablau.com\/?p=1030","url_meta":{"origin":381,"position":3},"title":"Dando la cara","date":"septiembre 8, 2014","format":false,"excerpt":"Hace tiempo que tengo un canal de YouTube, pero hasta ahora lo ten\u00eda simplemente para subir las diferentes versiones del booktrailer de La canci\u00f3n n\u00famero 7, alguna entrevista y un par de v\u00eddeos curiosos. Nunca hasta ahora me hab\u00eda planteado dar la cara y hacer v\u00eddeos para comunicarme con mis\u2026","rel":"","context":"Entrada similar","img":{"alt_text":"","src":"https:\/\/i1.wp.com\/img.youtube.com\/vi\/UUN4HMh_LhR416hXVZl_LG_w\/0.jpg?resize=350%2C200","width":350,"height":200},"classes":[]},{"id":867,"url":"https:\/\/lenablau.com\/?p=867","url_meta":{"origin":381,"position":4},"title":"Cierro los ojos&#8230; \u00a1y huele a papel!","date":"octubre 10, 2013","format":false,"excerpt":"En los \u00faltimos tres a\u00f1os he deambulado tantas veces por las librer\u00edas so\u00f1ando con ver mi novela publicada que ahora, cuando veo La canci\u00f3n n\u00famero 7 compartiendo junto a otros libros la mesa de novedades, es muy dif\u00edcil expresar con palabras lo que siento. He so\u00f1ado tantas veces con este\u2026","rel":"","context":"Entrada similar","img":{"alt_text":"IMG_4274","src":"https:\/\/lenablau.files.wordpress.com\/2013\/10\/img_4274.jpg?w=350&h=200&crop=1","width":350,"height":200},"classes":[]},{"id":2080,"url":"https:\/\/lenablau.com\/?p=2080","url_meta":{"origin":381,"position":5},"title":"P\u00e1jaros robados","date":"agosto 3, 2019","format":false,"excerpt":"Primero una idea te ronda la cabeza, revolotea a tu alrededor. Al principio es s\u00f3lo un p\u00e1jarito solitario cuyo sonido es muy suave e imperceptible, pero aun as\u00ed no puedes ignorarlo. Poco a poco ese peque\u00f1o ser, insistente como el que m\u00e1s, va creciendo y su piar ya no es\u2026","rel":"","context":"Entrada similar","img":{"alt_text":"","src":"","width":0,"height":0},"classes":[]}],"_links":{"self":[{"href":"https:\/\/lenablau.com\/index.php?rest_route=\/wp\/v2\/posts\/381"}],"collection":[{"href":"https:\/\/lenablau.com\/index.php?rest_route=\/wp\/v2\/posts"}],"about":[{"href":"https:\/\/lenablau.com\/index.php?rest_route=\/wp\/v2\/types\/post"}],"author":[{"embeddable":true,"href":"https:\/\/lenablau.com\/index.php?rest_route=\/wp\/v2\/users\/1"}],"replies":[{"embeddable":true,"href":"https:\/\/lenablau.com\/index.php?rest_route=%2Fwp%2Fv2%2Fcomments&post=381"}],"version-history":[{"count":0,"href":"https:\/\/lenablau.com\/index.php?rest_route=\/wp\/v2\/posts\/381\/revisions"}],"wp:attachment":[{"href":"https:\/\/lenablau.com\/index.php?rest_route=%2Fwp%2Fv2%2Fmedia&parent=381"}],"wp:term":[{"taxonomy":"category","embeddable":true,"href":"https:\/\/lenablau.com\/index.php?rest_route=%2Fwp%2Fv2%2Fcategories&post=381"},{"taxonomy":"post_tag","embeddable":true,"href":"https:\/\/lenablau.com\/index.php?rest_route=%2Fwp%2Fv2%2Ftags&post=381"}],"curies":[{"name":"wp","href":"https:\/\/api.w.org\/{rel}","templated":true}]}}