{"id":325,"date":"2012-07-16T21:51:20","date_gmt":"2012-07-16T21:51:20","guid":{"rendered":"https:\/\/lenablau.wordpress.com\/?p=325"},"modified":"2012-07-16T21:51:20","modified_gmt":"2012-07-16T21:51:20","slug":"cuando-no-era-tan-facil","status":"publish","type":"post","link":"https:\/\/lenablau.com\/?p=325","title":{"rendered":"Cuando no era tan f\u00e1cil"},"content":{"rendered":"<p>Hoy, paseando bajo la anaranjada luz de la tarde madrile\u00f1a, mientras una suave brisa jugaba caprichosa con los mechones de mi pelo, una vieja m\u00e1quina de escribir polvorienta y decadente ha captado mi atenci\u00f3n de repente.<\/p>\n<p>Se asomaba al mundo a trav\u00e9s del cristal de un escaparate y me ha hecho detenerme en seco.<\/p>\n<p>Era tan bella y tan antigua que me he quedado absorta y maravillada contempl\u00e1ndola. Al ver su rudimentario y descolorido teclado no he podido evitar pensar en el romanticismo que esconde el pasado. \u00bfQui\u00e9n habr\u00e1 escrito en ella? \u00bfCu\u00e1ntos dedos habr\u00e1n utilizado esas redondeadas y desgastadas teclas? \u00bfSe habr\u00e1 escrito alguna historia memorable con su ruidosa colaboraci\u00f3n?<\/p>\n<p>Me ha hecho acordarme de la vieja Olivetti en la que yo comenc\u00e9 a escribir mis historias cuando era tan s\u00f3lo una ni\u00f1a y que da nombre a este blog.<\/p>\n<p>Ahora, m\u00e1s de dos d\u00e9cadas despu\u00e9s, escribo sobre el silencioso teclado t\u00e1ctil de mi iPad y no puedo evitar pensar en que antes las cosas eran m\u00e1s dif\u00edciles y tambi\u00e9n m\u00e1s creativas. No exist\u00edan las facilidades que tenemos hoy en d\u00eda. No pod\u00edas escribir un relato y modificarlo en un periquete gracias a la inform\u00e1tica. Lo que creabas quedaba grabado en un papel y si quer\u00edas hacer cambios ten\u00edas que volver a escribirlo de cero. No exist\u00eda la tecla &#8220;borrar&#8221; y mucho menos el &#8220;copia y pega&#8221;.<\/p>\n<p>Muchas veces me dejo llevar por la rom\u00e1ntica noci\u00f3n de que el pasado era m\u00e1s aut\u00e9ntico de lo que vivimos hoy en d\u00eda. Ahora todo es r\u00e1pido, digital, cibern\u00e9tico y se queda obsoleto en un segundo. Vivimos a un ritmo fren\u00e9tico, a veces incluso inhumano. Sin embargo, las personas seguimos siendo eso, personas. Somos nosotros quienes le damos sentido a todo lo que nos rodea. El progreso no lo podemos frenar, pero si podemos utilizarlo a nuestro favor, sin deshumanizarnos. Hagamos la vida m\u00e1s c\u00f3moda, pero no menos creativa.<\/p>\n<p>Como el protagonista de la pel\u00edcula de Woody Allen, Midnight in Paris, yo a veces tambi\u00e9n fantaseo con la belleza de lo viejo. Con esos tiempos en los que los grandes creadores nos daban obras de literatura sublimes, cuadros impresionistas fabulosos y piezas de m\u00fasica incre\u00edbles. Pero no es cierto que cualquier tiempo pasado fue mejor, porque el pasado, pasado est\u00e1.<\/p>\n<p>Debemos seguir creando para que alg\u00fan d\u00eda alguien desde el futuro admire las obras de arte que nosotros hemos creado. Imaginemos, sintamos, y no dejemos de crear.<\/p>\n<p>Alg\u00fan d\u00eda alguien se detendr\u00e1 ante une escaparate y ver\u00e1 un ejemplar de iPad como en el que yo estoy escribiendo ahora y pensar\u00e1: &#8220;Qu\u00e9 reliquia tan rom\u00e1ntica y rudimentaria&#8221;.<\/p>\n<p>Y esa persona seguir\u00e1 su camino pensando en lo bello que era el pasado, cuando las cosas no eran tan f\u00e1ciles y la creatividad ten\u00eda m\u00e1s m\u00e9rito.<\/p>\n<p>Sin embargo, lo cierto es que crear siempre supone un esfuerzo, y nos otorga un enorme placer tambi\u00e9n. Las herramientas de las que disponemos quiz\u00e1s nos lo pongan un poquito m\u00e1s f\u00e1cil que a nuestros antecesores, pero el proceso creativo y la imperiosa necesidad de comunicar una idea es siempre la misma.<\/p>\n<p>Vivamos el presente admirando el pasado, pero sin olvidar que nosotros tambi\u00e9n tenemos el deber de dejar algo digno de recordar a aquellos que vengan despu\u00e9s de nosotros. No dejemos que estos tiempos dif\u00edciles que estamos viviendo, donde la desesperanza parece te\u00f1ir el futuro de un negro abismo, nos roben nuestras ganas de luchar. Creemos un tiempo con el que alguien pueda fantasear en el futuro al ver alguno de los objetos que hoy en d\u00eda utilizamos para dar vida a nuestros sue\u00f1os.<\/p>\n<p>\u00a1De nosotros depende que estos cacharros que utilizamos a diario dejen de ser m\u00e1quinas y se conviertan en los pinceles con los que crear obras maravillosas!<\/p>\n","protected":false},"excerpt":{"rendered":"<p>Hoy, paseando bajo la anaranjada luz de la tarde madrile\u00f1a, mientras una suave brisa jugaba caprichosa con los mechones de mi pelo, una vieja m\u00e1quina de escribir polvorienta y decadente ha captado mi atenci\u00f3n de repente. Se asomaba al mundo a trav\u00e9s del cristal de un escaparate y me ha hecho detenerme en seco. Era&hellip; <\/p>\n","protected":false},"author":1,"featured_media":0,"comment_status":"open","ping_status":"open","sticky":false,"template":"","format":"standard","meta":{"spay_email":"","jetpack_publicize_message":"","jetpack_is_tweetstorm":false,"jetpack_publicize_feature_enabled":true},"categories":[1],"tags":[],"jetpack_featured_media_url":"","jetpack_publicize_connections":[],"jetpack_sharing_enabled":true,"jetpack_shortlink":"https:\/\/wp.me\/p9WDl5-5f","jetpack-related-posts":[{"id":542,"url":"https:\/\/lenablau.com\/?p=542","url_meta":{"origin":325,"position":0},"title":"Magia dorada","date":"marzo 12, 2013","format":false,"excerpt":"El otro d\u00eda, mientras caminaba por una elegante calle comercial de Madrid, me par\u00e9 en seco al ver en el escaparate de una famosa y prestigiosa marca de complementos esta maravilla: una m\u00e1quina de escribir dorada, flotando en el escaparate, ingr\u00e1vida y brillante mientras de ella surg\u00edan alborotadas unas preciosas\u2026","rel":"","context":"Entrada similar","img":{"alt_text":"","src":"","width":0,"height":0},"classes":[]},{"id":1082,"url":"https:\/\/lenablau.com\/?p=1082","url_meta":{"origin":325,"position":1},"title":"Vuelvo al blog con una buena noticia","date":"septiembre 28, 2016","format":false,"excerpt":"Hace m\u00e1s de un a\u00f1o y medio en el que no he escrito nada en el blog. Motivos personales como tener un hijo\u00a0y centrarme en escribir mis libros me han mantenido alejada de vosotros. Pero hoy por fin vuelvo a dar se\u00f1ales de vida, y lo hago muy contenta porque\u2026","rel":"","context":"En \u00abBestseller\u00bb","img":{"alt_text":"portada-aevum-definitiva","src":"https:\/\/lenablau.files.wordpress.com\/2012\/01\/portada-aevum-definitiva.jpg?w=350&h=200&crop=1","width":350,"height":200},"classes":[]},{"id":1053,"url":"https:\/\/lenablau.com\/?p=1053","url_meta":{"origin":325,"position":2},"title":"Complejo de cacerola","date":"octubre 9, 2014","format":false,"excerpt":"En serio, tengo complejo de cacerola. \u00a1Llevo d\u00edas hirviendo a todo gas! Y la rabia no se me pasa, sino que cada vez va a m\u00e1s. No paro de pensar en Javier. Han asesinado a su perro y Teresa, su mujer, est\u00e1 en estado muy cr\u00edtico. No paro de pensar\u2026","rel":"","context":"Entrada similar","img":{"alt_text":"","src":"","width":0,"height":0},"classes":[]},{"id":789,"url":"https:\/\/lenablau.com\/?p=789","url_meta":{"origin":325,"position":3},"title":"El encanto de los bares","date":"junio 27, 2013","format":false,"excerpt":"Este s\u00e1bado 29 de junio Coca-Cola va a celebrar San Bartolo con una serie de actividades culturales para animar a la gente a que vuelva a los bares, esos lugares de encuentro y distracci\u00f3n donde muchos de nosotros pasamos gratos momentos. Yo misma he pasado muchas horas en uno de\u2026","rel":"","context":"Entrada similar","img":{"alt_text":"","src":"https:\/\/i1.wp.com\/img.youtube.com\/vi\/hC3KUie7Lz8\/0.jpg?resize=350%2C200","width":350,"height":200},"classes":[]},{"id":19,"url":"https:\/\/lenablau.com\/?p=19","url_meta":{"origin":325,"position":4},"title":"Todo empez\u00f3 con una vieja m\u00e1quina de escribir&#8230;","date":"enero 7, 2012","format":false,"excerpt":"Es de noche, el mejor momento para escribir. Hoy empiezo mi blog de escritora, llena de ilusi\u00f3n y esperanza. Todo est\u00e1 en silencio... y las palabras escondidas comienzan a salir de sus rincones. T\u00edmidas y dubitativas al principio, pero al asomarse y comprobar que nadie las juzga, que son libres\u2026","rel":"","context":"En \u00abSin categor\u00eda\u00bb","img":{"alt_text":"","src":"","width":0,"height":0},"classes":[]},{"id":867,"url":"https:\/\/lenablau.com\/?p=867","url_meta":{"origin":325,"position":5},"title":"Cierro los ojos&#8230; \u00a1y huele a papel!","date":"octubre 10, 2013","format":false,"excerpt":"En los \u00faltimos tres a\u00f1os he deambulado tantas veces por las librer\u00edas so\u00f1ando con ver mi novela publicada que ahora, cuando veo La canci\u00f3n n\u00famero 7 compartiendo junto a otros libros la mesa de novedades, es muy dif\u00edcil expresar con palabras lo que siento. He so\u00f1ado tantas veces con este\u2026","rel":"","context":"Entrada similar","img":{"alt_text":"IMG_4274","src":"https:\/\/lenablau.files.wordpress.com\/2013\/10\/img_4274.jpg?w=350&h=200&crop=1","width":350,"height":200},"classes":[]}],"_links":{"self":[{"href":"https:\/\/lenablau.com\/index.php?rest_route=\/wp\/v2\/posts\/325"}],"collection":[{"href":"https:\/\/lenablau.com\/index.php?rest_route=\/wp\/v2\/posts"}],"about":[{"href":"https:\/\/lenablau.com\/index.php?rest_route=\/wp\/v2\/types\/post"}],"author":[{"embeddable":true,"href":"https:\/\/lenablau.com\/index.php?rest_route=\/wp\/v2\/users\/1"}],"replies":[{"embeddable":true,"href":"https:\/\/lenablau.com\/index.php?rest_route=%2Fwp%2Fv2%2Fcomments&post=325"}],"version-history":[{"count":0,"href":"https:\/\/lenablau.com\/index.php?rest_route=\/wp\/v2\/posts\/325\/revisions"}],"wp:attachment":[{"href":"https:\/\/lenablau.com\/index.php?rest_route=%2Fwp%2Fv2%2Fmedia&parent=325"}],"wp:term":[{"taxonomy":"category","embeddable":true,"href":"https:\/\/lenablau.com\/index.php?rest_route=%2Fwp%2Fv2%2Fcategories&post=325"},{"taxonomy":"post_tag","embeddable":true,"href":"https:\/\/lenablau.com\/index.php?rest_route=%2Fwp%2Fv2%2Ftags&post=325"}],"curies":[{"name":"wp","href":"https:\/\/api.w.org\/{rel}","templated":true}]}}