{"id":278,"date":"2012-05-31T11:49:52","date_gmt":"2012-05-31T11:49:52","guid":{"rendered":"http:\/\/lenablau.wordpress.com\/?p=278"},"modified":"2018-08-13T09:03:32","modified_gmt":"2018-08-13T09:03:32","slug":"un-viaje-a-roma","status":"publish","type":"post","link":"https:\/\/lenablau.com\/?p=278","title":{"rendered":"Un viaje a Roma&#8230;"},"content":{"rendered":"<p>Un viaje a Roma\u2026<\/p>\n<p>Anoche, con dos de mis almas gemelas, decidimos hacer un viaje a Roma.<\/p>\n<p>Y Roma, en realidad, puede ser cualquier lugar, porque lo importante de hacer ese viaje no es el destino, sino la compa\u00f1\u00eda.<\/p>\n<p>Ayer fue una de esas noches m\u00e1gicas en las que una terraza de una cafeter\u00eda de barrio se convirti\u00f3 en un lugar especial. Una noche templada, de esas en las que no te quieres ir a dormir, fue testigo del encuentro de tres amigas que dejaron el ajetreo del d\u00eda a d\u00eda a un lado y por unas horas regresaron a ese universo que siempre las ha mantenido unidas. Un universo que se cre\u00f3 hace muchos a\u00f1os y que, pase lo que pase, siempre existir\u00e1.<\/p>\n<p>Hay personas en tu vida que se te meten bajo la piel y aunque pases largas \u00e9pocas sin saber de ellas, cuando por fin te sientas frente a frente nada ha cambiado. La conexi\u00f3n sigue ah\u00ed, tan presente y real como cuando eras una adolescente atolondrada.<\/p>\n<p>Una mirada, un gesto, una palabra no pronunciada; nos conocemos tan bien que es en los silencios y en un simple parpadeo cuando mejor nos comprendemos. Existen tantos momentos compartidos, tantas sonrisas c\u00f3mplices, tantas l\u00e1grimas derramadas, que un hilo invisible pero irrompible nos unir\u00e1 para siempre.<\/p>\n<p>El amor rom\u00e1ntico es una parte importante de mis novelas. No obstante, el valor de la amistad, la lealtad sin condiciones, la capacidad de perdonar y lo sue\u00f1os compartidos son tan vitales, o incluso m\u00e1s, que la pasi\u00f3n del amor. Ellas son\u00a0parte de ese pasado que me ha convertido en la persona que soy hoy; el ancla que me mantiene fiel a mi esencia y me ayuda a recordar el camino que debo seguir en el futuro.<\/p>\n<p>La familia siempre estar\u00e1 a tu lado; las amigas de verdad tambi\u00e9n. Y si soy capaz de reflejar en mis personajes la importancia que tienen en la vida estos dos pilares inamovibles, es gracias a ellas.<\/p>\n<p>Hoy no escribo de noche. Se me ha encendido el pilotito de la inspiraci\u00f3n durante el d\u00eda, algo que no me suele ocurrir, \u00a1pero necesitaba escribir este post cuanto antes ya que las palabras me quemaban en los dedos!<\/p>\n<p>En todas mis novelas aparece alguna canci\u00f3n de U2, un grupo con el que crec\u00ed y que significa mucho para estas almas de las que hablo. \u00a1Gracias por ser mis \u00e1ngeles de la guarda!<\/p>\n<p>Hoy os dejo un video de <strong><em>Angel of Harlem<\/em><\/strong>, un tema que aparece en <strong><em>La canci\u00f3n n\u00famero siete. <\/em><\/strong>Y es que todos necesitamos rodearnos de \u00e1ngeles que nos inspiren&#8230;<\/p>\n<p>\u00a1Que pas\u00e9is un d\u00eda estupendo!<\/p>\n<p><span class=\"embed-youtube\" style=\"text-align:center; display: block;\"><iframe loading=\"lazy\" class=\"youtube-player\" width=\"790\" height=\"445\" src=\"https:\/\/www.youtube.com\/embed\/n_jJpc8jlyI?version=3&#038;rel=1&#038;showsearch=0&#038;showinfo=1&#038;iv_load_policy=1&#038;fs=1&#038;hl=es-ES&#038;autohide=2&#038;wmode=transparent\" allowfullscreen=\"true\" style=\"border:0;\" sandbox=\"allow-scripts allow-same-origin allow-popups allow-presentation\"><\/iframe><\/span><\/p>\n","protected":false},"excerpt":{"rendered":"<p>Un viaje a Roma\u2026 Anoche, con dos de mis almas gemelas, decidimos hacer un viaje a Roma. Y Roma, en realidad, puede ser cualquier lugar, porque lo importante de hacer ese viaje no es el destino, sino la compa\u00f1\u00eda. Ayer fue una de esas noches m\u00e1gicas en las que una terraza de una cafeter\u00eda de&hellip; <\/p>\n","protected":false},"author":1,"featured_media":0,"comment_status":"open","ping_status":"open","sticky":false,"template":"","format":"standard","meta":{"spay_email":"","jetpack_publicize_message":"","jetpack_is_tweetstorm":false,"jetpack_publicize_feature_enabled":true},"categories":[1],"tags":[],"jetpack_featured_media_url":"","jetpack_publicize_connections":[],"jetpack_sharing_enabled":true,"jetpack_shortlink":"https:\/\/wp.me\/p9WDl5-4u","jetpack-related-posts":[{"id":251,"url":"https:\/\/lenablau.com\/?p=251","url_meta":{"origin":278,"position":0},"title":"Espera, puedes respirar","date":"mayo 10, 2012","format":false,"excerpt":"Hay veces que nos sentimos ahogados, llenos de ansiedad y sin saber muy bien hacia d\u00f3nde dirigirnos. En esos momentos cuestionamos cada una de las decisiones que tomamos en el pasado, hasta las m\u00e1s insignificantes. Y nos preguntamos una y otra vez d\u00f3nde est\u00e1 esa parte de nosotros mismos que\u2026","rel":"","context":"Entrada similar","img":{"alt_text":"","src":"https:\/\/i1.wp.com\/img.youtube.com\/vi\/79c6zRnPpx0\/0.jpg?resize=350%2C200","width":350,"height":200},"classes":[]},{"id":1006,"url":"https:\/\/lenablau.com\/?p=1006","url_meta":{"origin":278,"position":1},"title":"Sigo a tu lado","date":"julio 30, 2014","format":false,"excerpt":"Muchos de mis lectores hab\u00e9is destacado lo especial\u00a0que os ha parecido\u00a0el personaje de \u00c1ngela, la abuela de Carlos en La canci\u00f3n n\u00famero 7. Por eso he decidido escribir un ep\u00edlogo que publico hoy en mi blog para que pod\u00e1is conectar con ella una vez m\u00e1s y conozc\u00e1is sus impresiones sobre\u2026","rel":"","context":"Entrada similar","img":{"alt_text":"","src":"https:\/\/i1.wp.com\/img.youtube.com\/vi\/OZsiv1C0-RU\/0.jpg?resize=350%2C200","width":350,"height":200},"classes":[]},{"id":531,"url":"https:\/\/lenablau.com\/?p=531","url_meta":{"origin":278,"position":2},"title":"Hermanas","date":"febrero 18, 2013","format":false,"excerpt":"Hoy quiero hablar de hermanas, y no me refiero s\u00f3lo a las hermanas de sangre (y eso que la m\u00eda es la mejor hermana biol\u00f3gica que jam\u00e1s podr\u00eda haberme dado la vida, ya que es una compa\u00f1era de viaje excepcional y sin ella una parte de m\u00ed simplemente no existir\u00eda).\u2026","rel":"","context":"Entrada similar","img":{"alt_text":"","src":"","width":0,"height":0},"classes":[]},{"id":792,"url":"https:\/\/lenablau.com\/?p=792","url_meta":{"origin":278,"position":3},"title":"El bar de Antonio","date":"julio 9, 2013","format":false,"excerpt":"Coca-Cola me encarg\u00f3 que escribiera un relato que tuviera relaci\u00f3n con los bares para el d\u00eda de san Bartolo. Junto con escritores de tanto renombre como Javier Reverte, Rosa Montero o Espido Freire, tuve el honor de que mi mon\u00f3logo fuera representado al aire libre en un punto de Madrid.\u2026","rel":"","context":"Entrada similar","img":{"alt_text":"fotos","src":"https:\/\/lenablau.files.wordpress.com\/2013\/07\/fotos.jpg?w=350&h=200&crop=1","width":350,"height":200},"classes":[]},{"id":699,"url":"https:\/\/lenablau.com\/?p=699","url_meta":{"origin":278,"position":4},"title":"Curso de vuelo","date":"marzo 29, 2013","format":false,"excerpt":"Hoy he terminado de leer un libro que me dej\u00f3 una amiga y que lleg\u00f3 a mis manos sin que yo lo buscara. No obstante, no pudo aparecer en mi vida en un momento m\u00e1s adecuado, puesto que cuando comenc\u00e9 a leerlo me hallaba algo perdida y desesperanzada. Lo cierto\u2026","rel":"","context":"Entrada similar","img":{"alt_text":"","src":"","width":0,"height":0},"classes":[]},{"id":2080,"url":"https:\/\/lenablau.com\/?p=2080","url_meta":{"origin":278,"position":5},"title":"P\u00e1jaros robados","date":"agosto 3, 2019","format":false,"excerpt":"Primero una idea te ronda la cabeza, revolotea a tu alrededor. Al principio es s\u00f3lo un p\u00e1jarito solitario cuyo sonido es muy suave e imperceptible, pero aun as\u00ed no puedes ignorarlo. Poco a poco ese peque\u00f1o ser, insistente como el que m\u00e1s, va creciendo y su piar ya no es\u2026","rel":"","context":"Entrada similar","img":{"alt_text":"","src":"","width":0,"height":0},"classes":[]}],"_links":{"self":[{"href":"https:\/\/lenablau.com\/index.php?rest_route=\/wp\/v2\/posts\/278"}],"collection":[{"href":"https:\/\/lenablau.com\/index.php?rest_route=\/wp\/v2\/posts"}],"about":[{"href":"https:\/\/lenablau.com\/index.php?rest_route=\/wp\/v2\/types\/post"}],"author":[{"embeddable":true,"href":"https:\/\/lenablau.com\/index.php?rest_route=\/wp\/v2\/users\/1"}],"replies":[{"embeddable":true,"href":"https:\/\/lenablau.com\/index.php?rest_route=%2Fwp%2Fv2%2Fcomments&post=278"}],"version-history":[{"count":1,"href":"https:\/\/lenablau.com\/index.php?rest_route=\/wp\/v2\/posts\/278\/revisions"}],"predecessor-version":[{"id":2057,"href":"https:\/\/lenablau.com\/index.php?rest_route=\/wp\/v2\/posts\/278\/revisions\/2057"}],"wp:attachment":[{"href":"https:\/\/lenablau.com\/index.php?rest_route=%2Fwp%2Fv2%2Fmedia&parent=278"}],"wp:term":[{"taxonomy":"category","embeddable":true,"href":"https:\/\/lenablau.com\/index.php?rest_route=%2Fwp%2Fv2%2Fcategories&post=278"},{"taxonomy":"post_tag","embeddable":true,"href":"https:\/\/lenablau.com\/index.php?rest_route=%2Fwp%2Fv2%2Ftags&post=278"}],"curies":[{"name":"wp","href":"https:\/\/api.w.org\/{rel}","templated":true}]}}