{"id":255,"date":"2012-05-20T23:57:40","date_gmt":"2012-05-20T23:57:40","guid":{"rendered":"http:\/\/lenablau.wordpress.com\/?p=255"},"modified":"2012-05-20T23:57:40","modified_gmt":"2012-05-20T23:57:40","slug":"musica-en-el-corazon","status":"publish","type":"post","link":"https:\/\/lenablau.com\/?p=255","title":{"rendered":"M\u00fasica en el coraz\u00f3n"},"content":{"rendered":"<p>S\u00ed, esta noche llevo m\u00fasica en el coraz\u00f3n, y \u00e9ste me late m\u00e1s deprisa.<\/p>\n<p>Acabo de llegar del concierto de Coldplay y todav\u00eda tengo las letras de sus canciones susurr\u00e1ndome al o\u00eddo. La magia de su m\u00fasica se ha adue\u00f1ado de mi alma. Esta noche m\u00e1s que nunca soy v\u00edctima de su embrujo. Si sus canciones ya me gustaban, despu\u00e9s de vivir en directo el magnetismo que desprenden me he quedado sin palabras para describirlas. Lo voy a intentar, pero el intenso abanico de emociones que te provoca un concierto tan alucinante s\u00f3lo se puede entender si lo vives en tu propia piel.<\/p>\n<p>Fuegos artificiales; luces de miles de colores; una guitarra desgarradora; un ritmo fren\u00e9tico; una voz perfecta; y en medio de esa vor\u00e1gine de sonido y locura, tu coraz\u00f3n latiendo a mil revoluciones.<\/p>\n<p>La piel de gallina.<\/p>\n<p>Miles de personas sintiendo lo mismo, convertidas en una sola bajo el h\u00famedo cielo de mayo en Madrid.<\/p>\n<p><strong>La canci\u00f3n n\u00famero siete<\/strong> comienza con una canci\u00f3n de Colplay: <strong><em>Viva la vida<\/em><\/strong>.<\/p>\n<p><strong>Aevum<\/strong> termina con otra del mismo grupo: <strong><em>Every tear is a waterfall<\/em><\/strong>.<\/p>\n<p>Y es que si escribir es mi pasi\u00f3n, la m\u00fasica es la chispa que enciende el motor de mi creatividad. Por eso esta noche os quiero dejar unas palabras de esa canci\u00f3n que me ayud\u00f3 a terminar <em>Aevum:<\/em><\/p>\n<p>&#8220;<em>I turn the music up, I got my records on<\/em><br \/>\n<em>From underneath the rubble sing a rebel song<\/em><br \/>\n<em>Don&#8217;t want to see another generation drop<\/em><br \/>\n<em>I&#8217;d rather be a comma than a full stop<\/em><\/p>\n<p><em>Maybe I&#8217;m in the black, maybe I&#8217;m on my knees<\/em><br \/>\n<em>Maybe I&#8217;m in the gap between the two trapezes<\/em><br \/>\n<em>But my heart is beating and my pulses start<\/em><br \/>\n<em>Cathedrals in my heart<\/em>&#8221;<\/p>\n<p>Yo tambi\u00e9n prefiero ser una coma que un punto y final. Nada es definitivo, ya que mientras sigamos vivos todo puede cambiar. Y aunque nos encontremos heridos, de rodillas, siempre podemos encontrar una raz\u00f3n para volver a levantarnos y seguir escribiendo la historia de nuestra vida.<\/p>\n<p>Os dejo un video de esta canci\u00f3n y como siempre, os deseo buenas noches y dulces sue\u00f1os&#8230;<\/p>\n<p><span class=\"embed-youtube\" style=\"text-align:center; display: block;\"><iframe loading=\"lazy\" class=\"youtube-player\" width=\"790\" height=\"445\" src=\"https:\/\/www.youtube.com\/embed\/DOMZhftTpAg?version=3&#038;rel=1&#038;showsearch=0&#038;showinfo=1&#038;iv_load_policy=1&#038;fs=1&#038;hl=es-ES&#038;autohide=2&#038;wmode=transparent\" allowfullscreen=\"true\" style=\"border:0;\" sandbox=\"allow-scripts allow-same-origin allow-popups allow-presentation\"><\/iframe><\/span><\/p>\n<p>&nbsp;<\/p>\n","protected":false},"excerpt":{"rendered":"<p>S\u00ed, esta noche llevo m\u00fasica en el coraz\u00f3n, y \u00e9ste me late m\u00e1s deprisa. Acabo de llegar del concierto de Coldplay y todav\u00eda tengo las letras de sus canciones susurr\u00e1ndome al o\u00eddo. La magia de su m\u00fasica se ha adue\u00f1ado de mi alma. Esta noche m\u00e1s que nunca soy v\u00edctima de su embrujo. Si sus&hellip; <\/p>\n","protected":false},"author":1,"featured_media":0,"comment_status":"open","ping_status":"open","sticky":false,"template":"","format":"standard","meta":{"spay_email":"","jetpack_publicize_message":"","jetpack_is_tweetstorm":false,"jetpack_publicize_feature_enabled":true},"categories":[1],"tags":[],"jetpack_featured_media_url":"","jetpack_publicize_connections":[],"jetpack_sharing_enabled":true,"jetpack_shortlink":"https:\/\/wp.me\/p9WDl5-47","jetpack-related-posts":[{"id":235,"url":"https:\/\/lenablau.com\/?p=235","url_meta":{"origin":255,"position":0},"title":"M\u00fasica que ayuda a escribir","date":"mayo 3, 2012","format":false,"excerpt":"Una vez m\u00e1s, aqu\u00ed estoy, escribiendo en mi blog a horas intempestivas!! No s\u00e9 por qu\u00e9, pero soy un alma nocturna. Siempre se me ocurre algo que contar cuando ya es de noche y las estrellas me saludan. Debo de ser algo vampira, jajajaja, la luz me debilita y cuando\u2026","rel":"","context":"Entrada similar","img":{"alt_text":"","src":"https:\/\/i1.wp.com\/img.youtube.com\/vi\/OZsiv1C0-RU\/0.jpg?resize=350%2C200","width":350,"height":200},"classes":[]},{"id":2080,"url":"https:\/\/lenablau.com\/?p=2080","url_meta":{"origin":255,"position":1},"title":"P\u00e1jaros robados","date":"agosto 3, 2019","format":false,"excerpt":"Primero una idea te ronda la cabeza, revolotea a tu alrededor. Al principio es s\u00f3lo un p\u00e1jarito solitario cuyo sonido es muy suave e imperceptible, pero aun as\u00ed no puedes ignorarlo. Poco a poco ese peque\u00f1o ser, insistente como el que m\u00e1s, va creciendo y su piar ya no es\u2026","rel":"","context":"Entrada similar","img":{"alt_text":"","src":"","width":0,"height":0},"classes":[]},{"id":146,"url":"https:\/\/lenablau.com\/?p=146","url_meta":{"origin":255,"position":2},"title":"\u00a1Cr\u00edticas que animan mucho!","date":"marzo 8, 2012","format":false,"excerpt":"Ayer me llev\u00e9 una grata sorpresa; una lectora de La canci\u00f3n n\u00famero siete ha disfrutado tanto de su lectura que se ha tomado la molestia de escribir una cr\u00edtica muy emocionante en una web literaria llamada \"Autoras en la sombra\". Creo que esta lectora ha sabido definir muy bien con\u2026","rel":"","context":"En \u00abSin categor\u00eda\u00bb","img":{"alt_text":"","src":"","width":0,"height":0},"classes":[]},{"id":1006,"url":"https:\/\/lenablau.com\/?p=1006","url_meta":{"origin":255,"position":3},"title":"Sigo a tu lado","date":"julio 30, 2014","format":false,"excerpt":"Muchos de mis lectores hab\u00e9is destacado lo especial\u00a0que os ha parecido\u00a0el personaje de \u00c1ngela, la abuela de Carlos en La canci\u00f3n n\u00famero 7. Por eso he decidido escribir un ep\u00edlogo que publico hoy en mi blog para que pod\u00e1is conectar con ella una vez m\u00e1s y conozc\u00e1is sus impresiones sobre\u2026","rel":"","context":"Entrada similar","img":{"alt_text":"","src":"https:\/\/i1.wp.com\/img.youtube.com\/vi\/OZsiv1C0-RU\/0.jpg?resize=350%2C200","width":350,"height":200},"classes":[]},{"id":261,"url":"https:\/\/lenablau.com\/?p=261","url_meta":{"origin":255,"position":4},"title":"S\u00f3lo di s\u00ed","date":"mayo 25, 2012","format":false,"excerpt":"Quiero decir s\u00ed. Esta noche la palabra \"no\" la dejo a un lado. Ya hay demasiado pesimismo y desconsuelo en los tiempos que vivimos. Me aferro al s\u00ed; s\u00ed a la vida, s\u00ed a so\u00f1ar, s\u00ed a perdonar (no s\u00f3lo a los dem\u00e1s, sino tambi\u00e9n a m\u00ed misma), s\u00ed a\u2026","rel":"","context":"Entrada similar","img":{"alt_text":"","src":"https:\/\/i1.wp.com\/img.youtube.com\/vi\/5VCNhKS-SCo\/0.jpg?resize=350%2C200","width":350,"height":200},"classes":[]},{"id":945,"url":"https:\/\/lenablau.com\/?p=945","url_meta":{"origin":255,"position":5},"title":"El desv\u00e1n de los sue\u00f1os","date":"febrero 6, 2014","format":false,"excerpt":"Me siento muy halagada, porque mi novela La canci\u00f3n n\u00famero 7 est\u00e1 llegando a mucha gente y les est\u00e1 haciendo sentir cosas muy intensas. Tanto es as\u00ed, que ayer un lector muy entusiasta que escribe y compone m\u00fasica me sorprendi\u00f3 con este regalo: una canci\u00f3n inspirada por mi libro y\u2026","rel":"","context":"Entrada similar","img":{"alt_text":"","src":"https:\/\/i0.wp.com\/img.youtube.com\/vi\/8lJns8Au3Tw\/0.jpg?resize=350%2C200","width":350,"height":200},"classes":[]}],"_links":{"self":[{"href":"https:\/\/lenablau.com\/index.php?rest_route=\/wp\/v2\/posts\/255"}],"collection":[{"href":"https:\/\/lenablau.com\/index.php?rest_route=\/wp\/v2\/posts"}],"about":[{"href":"https:\/\/lenablau.com\/index.php?rest_route=\/wp\/v2\/types\/post"}],"author":[{"embeddable":true,"href":"https:\/\/lenablau.com\/index.php?rest_route=\/wp\/v2\/users\/1"}],"replies":[{"embeddable":true,"href":"https:\/\/lenablau.com\/index.php?rest_route=%2Fwp%2Fv2%2Fcomments&post=255"}],"version-history":[{"count":0,"href":"https:\/\/lenablau.com\/index.php?rest_route=\/wp\/v2\/posts\/255\/revisions"}],"wp:attachment":[{"href":"https:\/\/lenablau.com\/index.php?rest_route=%2Fwp%2Fv2%2Fmedia&parent=255"}],"wp:term":[{"taxonomy":"category","embeddable":true,"href":"https:\/\/lenablau.com\/index.php?rest_route=%2Fwp%2Fv2%2Fcategories&post=255"},{"taxonomy":"post_tag","embeddable":true,"href":"https:\/\/lenablau.com\/index.php?rest_route=%2Fwp%2Fv2%2Ftags&post=255"}],"curies":[{"name":"wp","href":"https:\/\/api.w.org\/{rel}","templated":true}]}}