{"id":2108,"date":"2020-05-15T16:56:10","date_gmt":"2020-05-15T16:56:10","guid":{"rendered":"http:\/\/lenablau.com\/?p=2108"},"modified":"2020-05-15T16:56:10","modified_gmt":"2020-05-15T16:56:10","slug":"madrid","status":"publish","type":"post","link":"https:\/\/lenablau.com\/?p=2108","title":{"rendered":"Madrid"},"content":{"rendered":"<p>Cuando viv\u00eda en Estados Unidos y me preguntaban \u201c\u00bfqu\u00e9 es lo que m\u00e1s echas de menos de Madrid?\u201d yo ten\u00eda muy clara la respuesta: sus atardeceres. Unas veces de fuego, otras de blancos y fucsias, pero siempre preciosos y m\u00e1gicos.<\/p>\n<p>Ahora lo que m\u00e1s extra\u00f1o es tu vida, tus sonidos y tu gente. Vivo a las afueras y hace dos meses que veo tus torres desde la distancia. Tan cerca. Tan lejos. Mi parque del Retiro, mi plaza de Santa Ana y los teatros de la Gran V\u00eda.<\/p>\n<p>La ciudad que me cri\u00f3, la ciudad a la que siempre quiero volver aunque a veces huya de ti como alma que lleva el diablo.<\/p>\n<p>Porque aqu\u00ed est\u00e1 la gente que m\u00e1s quiero, la que me acepta tal y como soy.<\/p>\n<p>Porque me vest\u00ed de chulapa mil veces y una de ellas acab\u00e9 en una fiesta en Dios sabe d\u00f3nde con ellas, que estaban tan locas y tan perdidas como yo.<\/p>\n<p>Porque el a\u00f1o que viene bailo el chotis y me zampo unas rosquillas s\u00ed o s\u00ed.<\/p>\n<p>Porque ya has sido el escenario de dos de mis novelas y, tras terminar un manuscrito en el que te he sido infiel, te has vuelto a colar como un vendaval imparable en la que estoy empezando a escribir ahora.<\/p>\n<p>Porque te he llorado con r\u00edos de l\u00e1grimas en la distancia mientras escuchaba a Sabina.<\/p>\n<p>Y sobre todo, porque me da la real gana te digo&#8230;<\/p>\n<p>\u00a1TE QUIERO MADRID!<\/p>\n<p><img data-attachment-id=\"2107\" data-permalink=\"https:\/\/lenablau.com\/?attachment_id=2107\" data-orig-file=\"https:\/\/i0.wp.com\/lenablau.com\/wp-content\/uploads\/2020\/05\/img_3473.jpg?fit=1125%2C1509&amp;ssl=1\" data-orig-size=\"1125,1509\" data-comments-opened=\"1\" data-image-meta=\"{&quot;aperture&quot;:&quot;0&quot;,&quot;credit&quot;:&quot;&quot;,&quot;camera&quot;:&quot;&quot;,&quot;caption&quot;:&quot;&quot;,&quot;created_timestamp&quot;:&quot;0&quot;,&quot;copyright&quot;:&quot;&quot;,&quot;focal_length&quot;:&quot;0&quot;,&quot;iso&quot;:&quot;0&quot;,&quot;shutter_speed&quot;:&quot;0&quot;,&quot;title&quot;:&quot;&quot;,&quot;orientation&quot;:&quot;1&quot;}\" data-image-title=\"img_3473\" data-image-description=\"\" data-image-caption=\"\" data-medium-file=\"https:\/\/i0.wp.com\/lenablau.com\/wp-content\/uploads\/2020\/05\/img_3473.jpg?fit=224%2C300&amp;ssl=1\" data-large-file=\"https:\/\/i0.wp.com\/lenablau.com\/wp-content\/uploads\/2020\/05\/img_3473.jpg?fit=763%2C1024&amp;ssl=1\" loading=\"lazy\" src=\"https:\/\/i0.wp.com\/lenablau.com\/wp-content\/uploads\/2020\/05\/img_3473.jpg?resize=790%2C1060\" class=\"alignnone size-full wp-image-2107\" height=\"1060\" width=\"790\" srcset=\"https:\/\/i0.wp.com\/lenablau.com\/wp-content\/uploads\/2020\/05\/img_3473.jpg?w=1125&amp;ssl=1 1125w, https:\/\/i0.wp.com\/lenablau.com\/wp-content\/uploads\/2020\/05\/img_3473.jpg?resize=224%2C300&amp;ssl=1 224w, https:\/\/i0.wp.com\/lenablau.com\/wp-content\/uploads\/2020\/05\/img_3473.jpg?resize=768%2C1030&amp;ssl=1 768w, https:\/\/i0.wp.com\/lenablau.com\/wp-content\/uploads\/2020\/05\/img_3473.jpg?resize=763%2C1024&amp;ssl=1 763w\" sizes=\"(max-width: 790px) 100vw, 790px\" data-recalc-dims=\"1\" \/><\/p>\n","protected":false},"excerpt":{"rendered":"<p>Cuando viv\u00eda en Estados Unidos y me preguntaban \u201c\u00bfqu\u00e9 es lo que m\u00e1s echas de menos de Madrid?\u201d yo ten\u00eda muy clara la respuesta: sus atardeceres. Unas veces de fuego, otras de blancos y fucsias, pero siempre preciosos y m\u00e1gicos. Ahora lo que m\u00e1s extra\u00f1o es tu vida, tus sonidos y tu gente. Vivo a&hellip; <\/p>\n","protected":false},"author":1,"featured_media":0,"comment_status":"open","ping_status":"open","sticky":false,"template":"","format":"standard","meta":{"spay_email":"","jetpack_publicize_message":"","jetpack_is_tweetstorm":false,"jetpack_publicize_feature_enabled":true},"categories":[1],"tags":[],"jetpack_featured_media_url":"","jetpack_publicize_connections":[],"jetpack_sharing_enabled":true,"jetpack_shortlink":"https:\/\/wp.me\/s9WDl5-madrid","jetpack-related-posts":[{"id":1024,"url":"https:\/\/lenablau.com\/?p=1024","url_meta":{"origin":2108,"position":0},"title":"Yo tambi\u00e9n os leo","date":"agosto 18, 2014","format":false,"excerpt":"Estoy escribiendo este post en una peque\u00f1a casita rural en Asturias a la que me he escapado para olvidarme del tiempo, de la rutina y de los ruidos. Espero que llegue a publicarse en mi blog porque aqu\u00ed la cobertura de mi iPad es p\u00e9sima y tengo que escaparme a\u2026","rel":"","context":"Entrada similar","img":{"alt_text":"","src":"https:\/\/i1.wp.com\/img.youtube.com\/vi\/FMhZ8IImz8c\/0.jpg?resize=350%2C200","width":350,"height":200},"classes":[]},{"id":261,"url":"https:\/\/lenablau.com\/?p=261","url_meta":{"origin":2108,"position":1},"title":"S\u00f3lo di s\u00ed","date":"mayo 25, 2012","format":false,"excerpt":"Quiero decir s\u00ed. Esta noche la palabra \"no\" la dejo a un lado. Ya hay demasiado pesimismo y desconsuelo en los tiempos que vivimos. Me aferro al s\u00ed; s\u00ed a la vida, s\u00ed a so\u00f1ar, s\u00ed a perdonar (no s\u00f3lo a los dem\u00e1s, sino tambi\u00e9n a m\u00ed misma), s\u00ed a\u2026","rel":"","context":"Entrada similar","img":{"alt_text":"","src":"https:\/\/i1.wp.com\/img.youtube.com\/vi\/5VCNhKS-SCo\/0.jpg?resize=350%2C200","width":350,"height":200},"classes":[]},{"id":877,"url":"https:\/\/lenablau.com\/?p=877","url_meta":{"origin":2108,"position":2},"title":"De t\u00fa a t\u00fa","date":"octubre 28, 2013","format":false,"excerpt":"Hablar de t\u00fa a t\u00fa, eso es lo bueno que tienen las peque\u00f1as librer\u00edas. No tengo nada en contra de las grandes superficies, pues all\u00ed siempre encuentras m\u00e1s variedad de libros y son perfectas para perderse en sus pasillos de forma an\u00f3nima. No obstante, el encanto de una peque\u00f1a librer\u00eda\u2026","rel":"","context":"Entrada similar","img":{"alt_text":"compolibrer\u00c3\u00ada","src":"https:\/\/lenablau.files.wordpress.com\/2013\/10\/compolibrerc3ada.jpg?w=350&h=200&crop=1","width":350,"height":200},"classes":[]},{"id":841,"url":"https:\/\/lenablau.com\/?p=841","url_meta":{"origin":2108,"position":3},"title":"Lejos del dolor","date":"septiembre 11, 2013","format":false,"excerpt":"Ayer hice una escapada y me perd\u00ed en los bosques de la Sierra de Madrid durante unas horas. Lejos del ruido, la gente, las bocinas y el estr\u00e9s. A tres semanas del lanzamiento de La canci\u00f3n n\u00famero 7, quise regresar a ese lugar que me inspir\u00f3 para crear el pueblo\u2026","rel":"","context":"Entrada similar","img":{"alt_text":"compo2","src":"https:\/\/lenablau.files.wordpress.com\/2013\/09\/compo21.jpg?w=350&h=200&crop=1","width":350,"height":200},"classes":[]},{"id":255,"url":"https:\/\/lenablau.com\/?p=255","url_meta":{"origin":2108,"position":4},"title":"M\u00fasica en el coraz\u00f3n","date":"mayo 20, 2012","format":false,"excerpt":"S\u00ed, esta noche llevo m\u00fasica en el coraz\u00f3n, y \u00e9ste me late m\u00e1s deprisa. Acabo de llegar del concierto de Coldplay y todav\u00eda tengo las letras de sus canciones susurr\u00e1ndome al o\u00eddo. La magia de su m\u00fasica se ha adue\u00f1ado de mi alma. Esta noche m\u00e1s que nunca soy v\u00edctima\u2026","rel":"","context":"Entrada similar","img":{"alt_text":"","src":"https:\/\/i0.wp.com\/img.youtube.com\/vi\/DOMZhftTpAg\/0.jpg?resize=350%2C200","width":350,"height":200},"classes":[]},{"id":258,"url":"https:\/\/lenablau.com\/?p=258","url_meta":{"origin":2108,"position":5},"title":"Silencioso tranv\u00eda","date":"mayo 21, 2012","format":false,"excerpt":"En el a\u00f1o 2005 yo viv\u00eda y trabajaba en Nueva Orleans, por lo que experiment\u00e9 en primera persona la llegada del hurac\u00e1n Katrina, que devast\u00f3 gran parte de la ciudad y sus alrededores. Esta experiencia despert\u00f3 mi necesidad de volver a escribir, una pasi\u00f3n que hab\u00eda estado dormida durante mucho\u2026","rel":"","context":"Entrada similar","img":{"alt_text":"","src":"https:\/\/i1.wp.com\/lenablau.com\/wp-content\/uploads\/2018\/05\/Captura-de-pantalla-2018-05-24-a-las-11.32.01-300x219.png?resize=350%2C200","width":350,"height":200},"classes":[]}],"_links":{"self":[{"href":"https:\/\/lenablau.com\/index.php?rest_route=\/wp\/v2\/posts\/2108"}],"collection":[{"href":"https:\/\/lenablau.com\/index.php?rest_route=\/wp\/v2\/posts"}],"about":[{"href":"https:\/\/lenablau.com\/index.php?rest_route=\/wp\/v2\/types\/post"}],"author":[{"embeddable":true,"href":"https:\/\/lenablau.com\/index.php?rest_route=\/wp\/v2\/users\/1"}],"replies":[{"embeddable":true,"href":"https:\/\/lenablau.com\/index.php?rest_route=%2Fwp%2Fv2%2Fcomments&post=2108"}],"version-history":[{"count":0,"href":"https:\/\/lenablau.com\/index.php?rest_route=\/wp\/v2\/posts\/2108\/revisions"}],"wp:attachment":[{"href":"https:\/\/lenablau.com\/index.php?rest_route=%2Fwp%2Fv2%2Fmedia&parent=2108"}],"wp:term":[{"taxonomy":"category","embeddable":true,"href":"https:\/\/lenablau.com\/index.php?rest_route=%2Fwp%2Fv2%2Fcategories&post=2108"},{"taxonomy":"post_tag","embeddable":true,"href":"https:\/\/lenablau.com\/index.php?rest_route=%2Fwp%2Fv2%2Ftags&post=2108"}],"curies":[{"name":"wp","href":"https:\/\/api.w.org\/{rel}","templated":true}]}}