{"id":19,"date":"2012-01-07T20:44:53","date_gmt":"2012-01-07T20:44:53","guid":{"rendered":"http:\/\/lenablau.megustaescribir.com\/?p=1"},"modified":"2012-01-07T20:44:53","modified_gmt":"2012-01-07T20:44:53","slug":"hola-mundo","status":"publish","type":"post","link":"https:\/\/lenablau.com\/?p=19","title":{"rendered":"Todo empez\u00f3 con una vieja m\u00e1quina de escribir&#8230;"},"content":{"rendered":"<p><a href=\"http:\/\/lenablau.files.wordpress.com\/2012\/01\/imagen-22.png\"><img data-attachment-id=\"44\" data-permalink=\"https:\/\/lenablau.com\/?attachment_id=44\" data-orig-file=\"https:\/\/i1.wp.com\/lenablau.com\/wp-content\/uploads\/2012\/01\/imagen-22.png?fit=628%2C346&amp;ssl=1\" data-orig-size=\"628,346\" data-comments-opened=\"1\" data-image-meta=\"{&quot;aperture&quot;:&quot;0&quot;,&quot;credit&quot;:&quot;&quot;,&quot;camera&quot;:&quot;&quot;,&quot;caption&quot;:&quot;&quot;,&quot;created_timestamp&quot;:&quot;0&quot;,&quot;copyright&quot;:&quot;&quot;,&quot;focal_length&quot;:&quot;0&quot;,&quot;iso&quot;:&quot;0&quot;,&quot;shutter_speed&quot;:&quot;0&quot;,&quot;title&quot;:&quot;&quot;,&quot;orientation&quot;:&quot;0&quot;}\" data-image-title=\"Imagen 2\" data-image-description=\"\" data-image-caption=\"\" data-medium-file=\"https:\/\/i1.wp.com\/lenablau.com\/wp-content\/uploads\/2012\/01\/imagen-22.png?fit=300%2C165&amp;ssl=1\" data-large-file=\"https:\/\/i1.wp.com\/lenablau.com\/wp-content\/uploads\/2012\/01\/imagen-22.png?fit=628%2C346&amp;ssl=1\" loading=\"lazy\" class=\"alignleft size-medium wp-image-44\" src=\"http:\/\/lenablau.files.wordpress.com\/2012\/01\/imagen-22.png?w=300&#038;h=165&#038;resize=300%2C165\" alt=\"\" width=\"300\" height=\"165\" srcset=\"https:\/\/i1.wp.com\/lenablau.com\/wp-content\/uploads\/2012\/01\/imagen-22.png?w=628&amp;ssl=1 628w, https:\/\/i1.wp.com\/lenablau.com\/wp-content\/uploads\/2012\/01\/imagen-22.png?resize=300%2C165&amp;ssl=1 300w\" sizes=\"(max-width: 300px) 100vw, 300px\" data-recalc-dims=\"1\" \/><\/a>Es de noche, el mejor momento para escribir. Hoy empiezo mi blog de escritora, llena de ilusi\u00f3n y esperanza. Todo est\u00e1 en silencio&#8230; y las palabras escondidas comienzan a salir de sus rincones. T\u00edmidas y dubitativas al principio, pero al asomarse y comprobar que nadie las juzga, que son libres para expresarse, se van animando a componer historias. Historias que alg\u00fan d\u00eda emocionar\u00e1n y entretendr\u00e1n a aquellos que las lean. Comenc\u00e9 a escribir siendo casi una ni\u00f1a con una vieja y ruidosa Olivetti. Hoy me he apuntado a las nuevas tecnolog\u00edas. No obstante, da igual c\u00f3mo escribamos; pluma, bol\u00edgrafo, m\u00e1quina de escribir o port\u00e1til&#8230; Las historias siempre son las protagonistas; eso es lo que importa.<\/p>\n<p>Dulces sue\u00f1os a todos&#8230; \u00a0Y a los nocturnos como yo: que disfrut\u00e9is de la magia de la noche&#8230; \u00a1nunca se sabe qu\u00e9 puede suceder bajo las estrellas!<\/p>\n<p>A aquellos que os gusten las historias frescas, rom\u00e1nticas y llenas de sorpresas, os invito a que le\u00e1is las muestras de las dos novelas que he escrito. Ojal\u00e1 alg\u00fan d\u00eda pod\u00e1is encontrarlas en las librer\u00edas. Mientras tanto, he creado este blog para dar a conocer mi trabajo. \u00a1Espero que disfrut\u00e9is tanto leyendo como yo lo hice al escribir!<\/p>\n","protected":false},"excerpt":{"rendered":"<p>Es de noche, el mejor momento para escribir. Hoy empiezo mi blog de escritora, llena de ilusi\u00f3n y esperanza. Todo est\u00e1 en silencio&#8230; y las palabras escondidas comienzan a salir de sus rincones. T\u00edmidas y dubitativas al principio, pero al asomarse y comprobar que nadie las juzga, que son libres para expresarse, se van animando&hellip; <\/p>\n","protected":false},"author":1,"featured_media":0,"comment_status":"open","ping_status":"open","sticky":false,"template":"","format":"standard","meta":{"spay_email":"","jetpack_publicize_message":"","jetpack_is_tweetstorm":false,"jetpack_publicize_feature_enabled":true},"categories":[2],"tags":[6,7,13,16,17,18,20,22,25,26],"jetpack_featured_media_url":"","jetpack_publicize_connections":[],"jetpack_sharing_enabled":true,"jetpack_shortlink":"https:\/\/wp.me\/p9WDl5-j","jetpack-related-posts":[{"id":325,"url":"https:\/\/lenablau.com\/?p=325","url_meta":{"origin":19,"position":0},"title":"Cuando no era tan f\u00e1cil","date":"julio 16, 2012","format":false,"excerpt":"Hoy, paseando bajo la anaranjada luz de la tarde madrile\u00f1a, mientras una suave brisa jugaba caprichosa con los mechones de mi pelo, una vieja m\u00e1quina de escribir polvorienta y decadente ha captado mi atenci\u00f3n de repente. Se asomaba al mundo a trav\u00e9s del cristal de un escaparate y me ha\u2026","rel":"","context":"Entrada similar","img":{"alt_text":"","src":"","width":0,"height":0},"classes":[]},{"id":542,"url":"https:\/\/lenablau.com\/?p=542","url_meta":{"origin":19,"position":1},"title":"Magia dorada","date":"marzo 12, 2013","format":false,"excerpt":"El otro d\u00eda, mientras caminaba por una elegante calle comercial de Madrid, me par\u00e9 en seco al ver en el escaparate de una famosa y prestigiosa marca de complementos esta maravilla: una m\u00e1quina de escribir dorada, flotando en el escaparate, ingr\u00e1vida y brillante mientras de ella surg\u00edan alborotadas unas preciosas\u2026","rel":"","context":"Entrada similar","img":{"alt_text":"","src":"","width":0,"height":0},"classes":[]},{"id":108,"url":"https:\/\/lenablau.com\/?p=108","url_meta":{"origin":19,"position":2},"title":"AMOR Y M\u00daSICA","date":"enero 17, 2012","format":false,"excerpt":"La Canci\u00f3n N\u00famero Siete es una novela que habla de dos corazones desgarrados que ser\u00e1n transformados por la magia de una canci\u00f3n. Carlos es un estudiante de arquitectura cuya guitarra ha enmudecido desde la tr\u00e1gica muerte de sus padres. Blanca es una chica introvertida e insegura que se esconde en\u2026","rel":"","context":"En \u00abSin categor\u00eda\u00bb","img":{"alt_text":"","src":"","width":0,"height":0},"classes":[]},{"id":1082,"url":"https:\/\/lenablau.com\/?p=1082","url_meta":{"origin":19,"position":3},"title":"Vuelvo al blog con una buena noticia","date":"septiembre 28, 2016","format":false,"excerpt":"Hace m\u00e1s de un a\u00f1o y medio en el que no he escrito nada en el blog. Motivos personales como tener un hijo\u00a0y centrarme en escribir mis libros me han mantenido alejada de vosotros. Pero hoy por fin vuelvo a dar se\u00f1ales de vida, y lo hago muy contenta porque\u2026","rel":"","context":"En \u00abBestseller\u00bb","img":{"alt_text":"portada-aevum-definitiva","src":"https:\/\/lenablau.files.wordpress.com\/2012\/01\/portada-aevum-definitiva.jpg?w=350&h=200&crop=1","width":350,"height":200},"classes":[]},{"id":146,"url":"https:\/\/lenablau.com\/?p=146","url_meta":{"origin":19,"position":4},"title":"\u00a1Cr\u00edticas que animan mucho!","date":"marzo 8, 2012","format":false,"excerpt":"Ayer me llev\u00e9 una grata sorpresa; una lectora de La canci\u00f3n n\u00famero siete ha disfrutado tanto de su lectura que se ha tomado la molestia de escribir una cr\u00edtica muy emocionante en una web literaria llamada \"Autoras en la sombra\". Creo que esta lectora ha sabido definir muy bien con\u2026","rel":"","context":"En \u00abSin categor\u00eda\u00bb","img":{"alt_text":"","src":"","width":0,"height":0},"classes":[]},{"id":699,"url":"https:\/\/lenablau.com\/?p=699","url_meta":{"origin":19,"position":5},"title":"Curso de vuelo","date":"marzo 29, 2013","format":false,"excerpt":"Hoy he terminado de leer un libro que me dej\u00f3 una amiga y que lleg\u00f3 a mis manos sin que yo lo buscara. No obstante, no pudo aparecer en mi vida en un momento m\u00e1s adecuado, puesto que cuando comenc\u00e9 a leerlo me hallaba algo perdida y desesperanzada. Lo cierto\u2026","rel":"","context":"Entrada similar","img":{"alt_text":"","src":"","width":0,"height":0},"classes":[]}],"_links":{"self":[{"href":"https:\/\/lenablau.com\/index.php?rest_route=\/wp\/v2\/posts\/19"}],"collection":[{"href":"https:\/\/lenablau.com\/index.php?rest_route=\/wp\/v2\/posts"}],"about":[{"href":"https:\/\/lenablau.com\/index.php?rest_route=\/wp\/v2\/types\/post"}],"author":[{"embeddable":true,"href":"https:\/\/lenablau.com\/index.php?rest_route=\/wp\/v2\/users\/1"}],"replies":[{"embeddable":true,"href":"https:\/\/lenablau.com\/index.php?rest_route=%2Fwp%2Fv2%2Fcomments&post=19"}],"version-history":[{"count":0,"href":"https:\/\/lenablau.com\/index.php?rest_route=\/wp\/v2\/posts\/19\/revisions"}],"wp:attachment":[{"href":"https:\/\/lenablau.com\/index.php?rest_route=%2Fwp%2Fv2%2Fmedia&parent=19"}],"wp:term":[{"taxonomy":"category","embeddable":true,"href":"https:\/\/lenablau.com\/index.php?rest_route=%2Fwp%2Fv2%2Fcategories&post=19"},{"taxonomy":"post_tag","embeddable":true,"href":"https:\/\/lenablau.com\/index.php?rest_route=%2Fwp%2Fv2%2Ftags&post=19"}],"curies":[{"name":"wp","href":"https:\/\/api.w.org\/{rel}","templated":true}]}}