{"id":146,"date":"2012-03-08T18:35:28","date_gmt":"2012-03-08T18:35:28","guid":{"rendered":"http:\/\/lenablau.megustaescribir.com\/?p=146"},"modified":"2012-03-08T18:35:28","modified_gmt":"2012-03-08T18:35:28","slug":"criticas-que-animan-mucho","status":"publish","type":"post","link":"https:\/\/lenablau.com\/?p=146","title":{"rendered":"\u00a1Cr\u00edticas que animan mucho!"},"content":{"rendered":"<p>Ayer me llev\u00e9 una grata sorpresa; una lectora de <em>La canci\u00f3n n\u00famero siete <\/em>ha disfrutado tanto de su lectura que se ha tomado la molestia de escribir una cr\u00edtica muy emocionante en una web literaria llamada &#8220;Autoras en la sombra&#8221;. Creo que esta lectora ha sabido definir muy bien con sus palabras las caracter\u00edsticas que definen a<em> La canci\u00f3n n\u00famero siete<\/em>, y por eso os la pongo a continuaci\u00f3n. Lo cierto es que son este tipo de comentarios los que hacen que una escritora novel no se desanime y quiera seguir intentando encontrar una editorial que apueste por sus novelas.<\/p>\n<p>Un saludo a todos!<\/p>\n<p>Esta es la cr\u00edtica que una de mis seguidoras escribi\u00f3 en &#8220;Autoras en la sombra&#8221;:<\/p>\n<p><em><strong>&#8220;Bueno, \u00e9sta es una de esas joyas que no te esperas. Para empezar, no te esperas porque no las compras, porque est\u00e1n p\u00fablicamente abiertas a quien quiera leerlas, y eso siempre es un regalo.\u00a0<\/strong><\/em><\/p>\n<p><strong><em>Si me vais a hacer caso y leer este libro despu\u00e9s de mi cr\u00edtica, primero he de deciros que dej\u00e9is de lado todos los convencionalismos. Olvidad las novelas rom\u00e1nticas express, de acciones r\u00e1pidas. Que son preciosas y efectivas, pero no funcionar\u00edan en La canci\u00f3n n\u00famero 7. Ahora pensad en una novela que se lea poco a poco, de la que bebes a sorbos cortos. Hace falta retenerla y saborearla, ver pasar los episodios y comprender la compleja l\u00f3gica de sus personajes.\u00a0<\/em><\/strong><\/p>\n<p><strong><em>Porque, si algo tiene de especial este libro, son sus personajes. Intensos, arraigados, con una evoluci\u00f3n coherente y lenta, con sus altibajos y sus emociones perfectamente descritas. Blanca y Carlos son de \u00e9sos a los que no se olvidan. La manera en que ella se protege de lo que siente, la forma en que \u00e9l lucha por entenderla y agradarla&#8230; Puffff Adem\u00e1s, e ellos los van a acompa\u00f1ar unos paisajes e im\u00e1genes que te situar\u00e1n perfectamente en la trama y algo que es completamente novedoso a lo que &#8220;literatura rom\u00e1ntica adulta&#8221; se refiere: el poder de la m\u00fasica.<\/em><\/strong><\/p>\n<p><strong><em>Las letras de las canciones marcar\u00e1n los episodios, los sentimientos y los momentos. Es una simbiosis realmente extraordinaria, mezcla de ternura y aprensi\u00f3n.\u00a0<\/em><\/strong><\/p>\n<p><strong><em>Muchos catalogar\u00edan -exceptuando por las escenas de sexo- la novela dentro del marco juvenil, puesto que los protagonistas tienen un ambiente bastante m\u00e1s cercano a la adolescencia que a la edad adulta. No obstante, la oscuridad que hay en ambos y la progresiva comprensi\u00f3n de lo que significan a m\u00ed me hacen decantarme por una literatura bastante m\u00e1s adulta que otras muchas colmadas de escenas sexuales pero con menos contenido. No s\u00f3lo es la representaci\u00f3n que se hace del amor, sino de la familia, la amistad, la madurez&#8230;<\/em><\/strong><\/p>\n<p><strong><em>Lo dicho, un regalo que no te leer\u00e1s en una tarde. Es demasiado intenso para querer avanzarlo en tan poco tiempo. Espero de coraz\u00f3n pagar un d\u00eda un libro de Lena Blau. Ser\u00e1 para m\u00ed todo un privilegio.&#8221;<\/em><\/strong><\/p>\n","protected":false},"excerpt":{"rendered":"<p>Ayer me llev\u00e9 una grata sorpresa; una lectora de La canci\u00f3n n\u00famero siete ha disfrutado tanto de su lectura que se ha tomado la molestia de escribir una cr\u00edtica muy emocionante en una web literaria llamada &#8220;Autoras en la sombra&#8221;. Creo que esta lectora ha sabido definir muy bien con sus palabras las caracter\u00edsticas que&hellip; <\/p>\n","protected":false},"author":1,"featured_media":0,"comment_status":"open","ping_status":"open","sticky":false,"template":"","format":"standard","meta":{"spay_email":"","jetpack_publicize_message":"","jetpack_is_tweetstorm":false,"jetpack_publicize_feature_enabled":true},"categories":[2],"tags":[],"jetpack_featured_media_url":"","jetpack_publicize_connections":[],"jetpack_sharing_enabled":true,"jetpack_shortlink":"https:\/\/wp.me\/p9WDl5-2m","jetpack-related-posts":[{"id":1024,"url":"https:\/\/lenablau.com\/?p=1024","url_meta":{"origin":146,"position":0},"title":"Yo tambi\u00e9n os leo","date":"agosto 18, 2014","format":false,"excerpt":"Estoy escribiendo este post en una peque\u00f1a casita rural en Asturias a la que me he escapado para olvidarme del tiempo, de la rutina y de los ruidos. Espero que llegue a publicarse en mi blog porque aqu\u00ed la cobertura de mi iPad es p\u00e9sima y tengo que escaparme a\u2026","rel":"","context":"Entrada similar","img":{"alt_text":"","src":"https:\/\/i1.wp.com\/img.youtube.com\/vi\/FMhZ8IImz8c\/0.jpg?resize=350%2C200","width":350,"height":200},"classes":[]},{"id":781,"url":"https:\/\/lenablau.com\/?p=781","url_meta":{"origin":146,"position":1},"title":"Diario de la ilusi\u00f3n {D\u00eda 1}","date":"junio 1, 2013","format":false,"excerpt":"Querido diario de la ilusi\u00f3n: Hace ya tres a\u00f1os acab\u00e9 de escribir La canci\u00f3n n\u00famero siete. Con un desbordante entusiasmo, comenc\u00e9 a enviarla a las editoriales y agentes que yo consideraba que podr\u00edan interesarse por ella. Mientras esperaba la ansiada respuesta, a menudo pululaba por los pasillos de las librer\u00edas\u2026","rel":"","context":"Entrada similar","img":{"alt_text":"","src":"","width":0,"height":0},"classes":[]},{"id":469,"url":"https:\/\/lenablau.com\/?p=469","url_meta":{"origin":146,"position":2},"title":"El sue\u00f1o de publicar","date":"enero 14, 2013","format":false,"excerpt":"Hay sue\u00f1os que si no vienen a ti, has de ir t\u00fa a por ellos. Por eso he dado el paso de publicar en Amazon una de mis novelas: La Canci\u00f3n N\u00famero Siete. Por ahora est\u00e1 disponible en ebook, pero muy pronto tambi\u00e9n la encontrar\u00e9is en papel en esta misma\u2026","rel":"","context":"Entrada similar","img":{"alt_text":"","src":"","width":0,"height":0},"classes":[]},{"id":538,"url":"https:\/\/lenablau.com\/?p=538","url_meta":{"origin":146,"position":3},"title":"Banda sonora de &#8220;La Canci\u00f3n n\u00famero siete&#8221;","date":"febrero 24, 2013","format":false,"excerpt":"Muchos de mis lectores resaltan la importancia que tiene la m\u00fasica de La Canci\u00f3n n\u00famero siete y que, debido a la estrecha relaci\u00f3n entre las canciones que van a apareciendo en la novela y la historia, han ido busc\u00e1ndolas en internet para poder escucharlas. Para facilitar esta tarea a los\u2026","rel":"","context":"Entrada similar","img":{"alt_text":"","src":"","width":0,"height":0},"classes":[]},{"id":867,"url":"https:\/\/lenablau.com\/?p=867","url_meta":{"origin":146,"position":4},"title":"Cierro los ojos&#8230; \u00a1y huele a papel!","date":"octubre 10, 2013","format":false,"excerpt":"En los \u00faltimos tres a\u00f1os he deambulado tantas veces por las librer\u00edas so\u00f1ando con ver mi novela publicada que ahora, cuando veo La canci\u00f3n n\u00famero 7 compartiendo junto a otros libros la mesa de novedades, es muy dif\u00edcil expresar con palabras lo que siento. He so\u00f1ado tantas veces con este\u2026","rel":"","context":"Entrada similar","img":{"alt_text":"IMG_4274","src":"https:\/\/lenablau.files.wordpress.com\/2013\/10\/img_4274.jpg?w=350&h=200&crop=1","width":350,"height":200},"classes":[]},{"id":1058,"url":"https:\/\/lenablau.com\/?p=1058","url_meta":{"origin":146,"position":5},"title":"Enamorando a los m\u00e1s j\u00f3venes.","date":"octubre 21, 2014","format":false,"excerpt":"\u00a1Hola a todos! \u00a0 Hoy voy a ser breve y no voy a desvariar en el blog ;) S\u00f3lo os quiero dejar una v\u00eddeo rese\u00f1a de La canci\u00f3n n\u00famero 7 que a d\u00eda de hoy ya lleva m\u00e1s de 21.000 visualizaciones en YouTube. Rebeca, esta jovenc\u00edsima lectora y YouTuber, hace\u2026","rel":"","context":"Entrada similar","img":{"alt_text":"","src":"https:\/\/i0.wp.com\/img.youtube.com\/vi\/xw_ytfE4eqI\/0.jpg?resize=350%2C200","width":350,"height":200},"classes":[]}],"_links":{"self":[{"href":"https:\/\/lenablau.com\/index.php?rest_route=\/wp\/v2\/posts\/146"}],"collection":[{"href":"https:\/\/lenablau.com\/index.php?rest_route=\/wp\/v2\/posts"}],"about":[{"href":"https:\/\/lenablau.com\/index.php?rest_route=\/wp\/v2\/types\/post"}],"author":[{"embeddable":true,"href":"https:\/\/lenablau.com\/index.php?rest_route=\/wp\/v2\/users\/1"}],"replies":[{"embeddable":true,"href":"https:\/\/lenablau.com\/index.php?rest_route=%2Fwp%2Fv2%2Fcomments&post=146"}],"version-history":[{"count":0,"href":"https:\/\/lenablau.com\/index.php?rest_route=\/wp\/v2\/posts\/146\/revisions"}],"wp:attachment":[{"href":"https:\/\/lenablau.com\/index.php?rest_route=%2Fwp%2Fv2%2Fmedia&parent=146"}],"wp:term":[{"taxonomy":"category","embeddable":true,"href":"https:\/\/lenablau.com\/index.php?rest_route=%2Fwp%2Fv2%2Fcategories&post=146"},{"taxonomy":"post_tag","embeddable":true,"href":"https:\/\/lenablau.com\/index.php?rest_route=%2Fwp%2Fv2%2Ftags&post=146"}],"curies":[{"name":"wp","href":"https:\/\/api.w.org\/{rel}","templated":true}]}}