{"id":112,"date":"2012-01-18T00:06:58","date_gmt":"2012-01-18T00:06:58","guid":{"rendered":"http:\/\/lenablau.megustaescribir.com\/?p=112"},"modified":"2012-01-18T00:06:58","modified_gmt":"2012-01-18T00:06:58","slug":"personajes-dormidos","status":"publish","type":"post","link":"https:\/\/lenablau.com\/?p=112","title":{"rendered":"Personajes dormidos"},"content":{"rendered":"<p>Los personajes de mis novelas son, sin duda, una parte muy importante de qui\u00e9n soy. Se gestan poco a poco en mi cabeza y en mi coraz\u00f3n, tomando forma muy poco a poco, adquiriendo su propia personalidad seg\u00fan avanzo en el proceso creativo.<\/p>\n<p>Muchas veces me sorprenden ya que terminan siendo diferentes a como fueron concebidos; adquieren su propia voz a medida que les doy vida y ellos mismos terminan reclamando sus propios matices, e incluso toman decisiones que a m\u00ed me sorprenden.<\/p>\n<p>Cuando termino el primer boceto de una novela, siempre me doy cuenta de que ya no son personajes; para m\u00ed son personas muy reales, tanto o m\u00e1s que mucha gente con la que me topo cada d\u00eda. Pero estos individuos, con sus marcadas personalidades, anhelos y circunstancias, viven encerrados en las p\u00e1ginas que delimitan sus mundos.<\/p>\n<p>Al terminar un manuscrito, lo imprimo cuidadosamente, y en esa pila de folios se quedan atrapados mis personajes, encerrados en un mundo que s\u00f3lo adquiere sentido si unos ojos curiosos leen mis palabras, consiguiendo que los protagonistas de esas historias despierten de su letargo, dejando de ser letras en tinta para volver a vivir a trav\u00e9s del lector.<\/p>\n<p>Principalmente, escribo por el puro placer de crear historias que emocionen, entretengan y roben el sue\u00f1o a todos aquellos que me concedan el honor de regalarme su tiempo de ocio. Pero como cualquier persona que siente la necesidad de transmitir sensaciones intensas por medio de las palabras, tambi\u00e9n sue\u00f1o con que mis personajes (a los que quiero m\u00e1s que a m\u00ed misma) puedan respirar a cada paso de p\u00e1gina, pudi\u00e9ndose as\u00ed expresar libremente. Por eso deseo intensamente que mis libros sean publicados y disfrutados por el mayor n\u00famero de lectores posible. Porque cada vez que alguien comienza a leer el principio de una mis historias, la magia cobra vida una vez m\u00e1s y s\u00e9 que entonces mis personajes vuelven a sonre\u00edr, a llorar, a enamorarse&#8230; En definitiva, \u00a1vuelven a vivir! Y comparten sus sue\u00f1os con ese silencioso c\u00f3mplice que ha decidido despertarlos de nuevo.<\/p>\n<p>No es f\u00e1cil que una editorial publique las novelas de un autor novel. Son pocas las oportunidades para aquellos que queremos abrirnos camino en este c\u00edrculo tan cerrado. Un c\u00edrculo donde los autores nacionales ya consagrados y los miles de best sellers internacionales, cuyas ventas dan cierta seguridad al editor, ocupan la mayor parte de los cat\u00e1logos de las editoriales. No obstante, creo firmemente que no hay que tirar la toalla. Si una novela es capaz de mantener en vela toda una noche a m\u00e1s de uno y la gente que conf\u00eda en ti te suplica que no lo dejes, que sigas escribiendo porque lo necesitan para seguir so\u00f1ando, entonces merece la pena seguir adelante.<\/p>\n<p>Mi sue\u00f1o es ver mis novelas en las librer\u00edas, para que todo aqu\u00e9l que se sienta atra\u00eddo por ellas tenga la oportunidad de despertar a mis personajes dormidos. No obstante, hasta que eso suceda, me basta con saber que con mi peque\u00f1o grupo de seguidores incondicionales mis amados personajes ya han conseguido su prop\u00f3sito: emocionar y estar vivos para siempre. Cuando pasas la \u00faltima p\u00e1gina de un libro que te ha marcado, sus protagonistas siguen viviendo dentro de ti.<\/p>\n<p>Y eso, aunque no hayan sido millones, s\u00e9 que ya le ha sucedido a aquellos que han le\u00eddo mis novelas. No nos enga\u00f1emos, quiero m\u00e1s, \u00a1pero no es un mal comienzo!<\/p>\n","protected":false},"excerpt":{"rendered":"<p>Los personajes de mis novelas son, sin duda, una parte muy importante de qui\u00e9n soy. Se gestan poco a poco en mi cabeza y en mi coraz\u00f3n, tomando forma muy poco a poco, adquiriendo su propia personalidad seg\u00fan avanzo en el proceso creativo. Muchas veces me sorprenden ya que terminan siendo diferentes a como fueron&hellip; <\/p>\n","protected":false},"author":1,"featured_media":0,"comment_status":"open","ping_status":"open","sticky":false,"template":"","format":"standard","meta":{"spay_email":"","jetpack_publicize_message":"","jetpack_is_tweetstorm":false,"jetpack_publicize_feature_enabled":true},"categories":[2],"tags":[],"jetpack_featured_media_url":"","jetpack_publicize_connections":[],"jetpack_sharing_enabled":true,"jetpack_shortlink":"https:\/\/wp.me\/p9WDl5-1O","jetpack-related-posts":[{"id":146,"url":"https:\/\/lenablau.com\/?p=146","url_meta":{"origin":112,"position":0},"title":"\u00a1Cr\u00edticas que animan mucho!","date":"marzo 8, 2012","format":false,"excerpt":"Ayer me llev\u00e9 una grata sorpresa; una lectora de La canci\u00f3n n\u00famero siete ha disfrutado tanto de su lectura que se ha tomado la molestia de escribir una cr\u00edtica muy emocionante en una web literaria llamada \"Autoras en la sombra\". Creo que esta lectora ha sabido definir muy bien con\u2026","rel":"","context":"En \u00abSin categor\u00eda\u00bb","img":{"alt_text":"","src":"","width":0,"height":0},"classes":[]},{"id":243,"url":"https:\/\/lenablau.com\/?p=243","url_meta":{"origin":112,"position":1},"title":"Adicta a mi otro yo","date":"mayo 6, 2012","format":false,"excerpt":"La vida real es dif\u00edcil. La rutina nos atrapa con su programado d\u00eda a d\u00eda. Tenemos responsabilidades, preocupaciones, miedos... Es cierto que tambi\u00e9n existen momentos buenos, de esos que nos dan un poquito de gasolina vital para seguir ilusionados y no tirar la toalla. Y muchas veces, esas cosas que\u2026","rel":"","context":"Entrada similar","img":{"alt_text":"","src":"https:\/\/i2.wp.com\/img.youtube.com\/vi\/2t1Jdvphhxk\/0.jpg?resize=350%2C200","width":350,"height":200},"classes":[]},{"id":2080,"url":"https:\/\/lenablau.com\/?p=2080","url_meta":{"origin":112,"position":2},"title":"P\u00e1jaros robados","date":"agosto 3, 2019","format":false,"excerpt":"Primero una idea te ronda la cabeza, revolotea a tu alrededor. Al principio es s\u00f3lo un p\u00e1jarito solitario cuyo sonido es muy suave e imperceptible, pero aun as\u00ed no puedes ignorarlo. Poco a poco ese peque\u00f1o ser, insistente como el que m\u00e1s, va creciendo y su piar ya no es\u2026","rel":"","context":"Entrada similar","img":{"alt_text":"","src":"","width":0,"height":0},"classes":[]},{"id":134,"url":"https:\/\/lenablau.com\/?p=134","url_meta":{"origin":112,"position":3},"title":"Una noche para so\u00f1ar","date":"febrero 15, 2012","format":false,"excerpt":"Ha llegado el momento de cruzar los dedos y so\u00f1ar con que alguna de mis dos novelas consiga llamar la atenci\u00f3n de los editores de Random House. La verdad es que lo primero que quiero decir es: \u00a1GRACIAS!. Los comentarios que hab\u00e9is escrito \u00a0todos los que me segu\u00eds han hecho\u2026","rel":"","context":"En \u00abSin categor\u00eda\u00bb","img":{"alt_text":"","src":"","width":0,"height":0},"classes":[]},{"id":699,"url":"https:\/\/lenablau.com\/?p=699","url_meta":{"origin":112,"position":4},"title":"Curso de vuelo","date":"marzo 29, 2013","format":false,"excerpt":"Hoy he terminado de leer un libro que me dej\u00f3 una amiga y que lleg\u00f3 a mis manos sin que yo lo buscara. No obstante, no pudo aparecer en mi vida en un momento m\u00e1s adecuado, puesto que cuando comenc\u00e9 a leerlo me hallaba algo perdida y desesperanzada. Lo cierto\u2026","rel":"","context":"Entrada similar","img":{"alt_text":"","src":"","width":0,"height":0},"classes":[]},{"id":1024,"url":"https:\/\/lenablau.com\/?p=1024","url_meta":{"origin":112,"position":5},"title":"Yo tambi\u00e9n os leo","date":"agosto 18, 2014","format":false,"excerpt":"Estoy escribiendo este post en una peque\u00f1a casita rural en Asturias a la que me he escapado para olvidarme del tiempo, de la rutina y de los ruidos. Espero que llegue a publicarse en mi blog porque aqu\u00ed la cobertura de mi iPad es p\u00e9sima y tengo que escaparme a\u2026","rel":"","context":"Entrada similar","img":{"alt_text":"","src":"https:\/\/i1.wp.com\/img.youtube.com\/vi\/FMhZ8IImz8c\/0.jpg?resize=350%2C200","width":350,"height":200},"classes":[]}],"_links":{"self":[{"href":"https:\/\/lenablau.com\/index.php?rest_route=\/wp\/v2\/posts\/112"}],"collection":[{"href":"https:\/\/lenablau.com\/index.php?rest_route=\/wp\/v2\/posts"}],"about":[{"href":"https:\/\/lenablau.com\/index.php?rest_route=\/wp\/v2\/types\/post"}],"author":[{"embeddable":true,"href":"https:\/\/lenablau.com\/index.php?rest_route=\/wp\/v2\/users\/1"}],"replies":[{"embeddable":true,"href":"https:\/\/lenablau.com\/index.php?rest_route=%2Fwp%2Fv2%2Fcomments&post=112"}],"version-history":[{"count":0,"href":"https:\/\/lenablau.com\/index.php?rest_route=\/wp\/v2\/posts\/112\/revisions"}],"wp:attachment":[{"href":"https:\/\/lenablau.com\/index.php?rest_route=%2Fwp%2Fv2%2Fmedia&parent=112"}],"wp:term":[{"taxonomy":"category","embeddable":true,"href":"https:\/\/lenablau.com\/index.php?rest_route=%2Fwp%2Fv2%2Fcategories&post=112"},{"taxonomy":"post_tag","embeddable":true,"href":"https:\/\/lenablau.com\/index.php?rest_route=%2Fwp%2Fv2%2Ftags&post=112"}],"curies":[{"name":"wp","href":"https:\/\/api.w.org\/{rel}","templated":true}]}}