{"id":110,"date":"2012-01-17T17:11:27","date_gmt":"2012-01-17T17:11:27","guid":{"rendered":"http:\/\/lenablau.megustaescribir.com\/?p=110"},"modified":"2012-01-17T17:11:27","modified_gmt":"2012-01-17T17:11:27","slug":"la-intensidad-de-un-mar-grisaceo-e-indescifrable-2","status":"publish","type":"post","link":"https:\/\/lenablau.com\/?p=110","title":{"rendered":"La intensidad de un mar gris\u00e1ceo e indescifrable"},"content":{"rendered":"<p><strong>Muestra de La Canci\u00f3n N\u00famero Siete.<\/strong><\/p>\n<p>&#8220;Permanec\u00ed la mayor parte de la velada en silencio, limit\u00e1ndome a observar a nuestro reci\u00e9n llegado. Se comport\u00f3 de manera educada pero distante. Parec\u00eda interesado en la conversaci\u00f3n que mi familia le brindaba, aunque no hizo demasiados esfuerzos por formar parte activa en ella. Prefiri\u00f3 escuchar lo que ellos ten\u00edan que contar. Trat\u00e9 de analizarlo sin que resultara demasiado evidente; no quer\u00eda que se percatara de que en el fondo sent\u00eda cierta curiosidad por \u00e9l. Su presencia iba a resultar un engorro para m\u00ed, as\u00ed que trataba de averiguar discretamente con qu\u00e9 tipo de persona iba a tener que compartir mi mundo. No fue posible sacar mucho en claro, porque lo que mis ojos me dec\u00edan era que contemplaba a un ser herm\u00e9tico y distante. Su mirada, fr\u00eda y enigm\u00e1tica, se cruz\u00f3 con la m\u00eda en varios momentos, en los que yo apartaba la vista, incapaz de aguantar la intensidad de aquel mar gris\u00e1ceo e indescifrable.&#8221;<\/p>\n","protected":false},"excerpt":{"rendered":"<p>Muestra de La Canci\u00f3n N\u00famero Siete. &#8220;Permanec\u00ed la mayor parte de la velada en silencio, limit\u00e1ndome a observar a nuestro reci\u00e9n llegado. Se comport\u00f3 de manera educada pero distante. Parec\u00eda interesado en la conversaci\u00f3n que mi familia le brindaba, aunque no hizo demasiados esfuerzos por formar parte activa en ella. Prefiri\u00f3 escuchar lo que ellos&hellip; <\/p>\n","protected":false},"author":1,"featured_media":0,"comment_status":"open","ping_status":"open","sticky":false,"template":"","format":"standard","meta":{"spay_email":"","jetpack_publicize_message":"","jetpack_is_tweetstorm":false,"jetpack_publicize_feature_enabled":true},"categories":[2],"tags":[],"jetpack_featured_media_url":"","jetpack_publicize_connections":[],"jetpack_sharing_enabled":true,"jetpack_shortlink":"https:\/\/wp.me\/p9WDl5-1M","jetpack-related-posts":[{"id":294,"url":"https:\/\/lenablau.com\/?p=294","url_meta":{"origin":110,"position":0},"title":"La burbuja","date":"junio 14, 2012","format":false,"excerpt":"\"Ella siempre hab\u00eda sido diferente, o eso le dec\u00eda todo el mundo.\u00a0 Diferente porque dec\u00eda abiertamente lo que pensaba, porque buscaba ser libre y no quer\u00eda vivir entre los agobiantes muros marcados por esas t\u00e1citas normas de la sociedad acomodada, en la que si no quieres llamar la atenci\u00f3n sigues\u2026","rel":"","context":"Entrada similar","img":{"alt_text":"","src":"","width":0,"height":0},"classes":[]},{"id":258,"url":"https:\/\/lenablau.com\/?p=258","url_meta":{"origin":110,"position":1},"title":"Silencioso tranv\u00eda","date":"mayo 21, 2012","format":false,"excerpt":"En el a\u00f1o 2005 yo viv\u00eda y trabajaba en Nueva Orleans, por lo que experiment\u00e9 en primera persona la llegada del hurac\u00e1n Katrina, que devast\u00f3 gran parte de la ciudad y sus alrededores. Esta experiencia despert\u00f3 mi necesidad de volver a escribir, una pasi\u00f3n que hab\u00eda estado dormida durante mucho\u2026","rel":"","context":"Entrada similar","img":{"alt_text":"","src":"https:\/\/i1.wp.com\/lenablau.com\/wp-content\/uploads\/2018\/05\/Captura-de-pantalla-2018-05-24-a-las-11.32.01-300x219.png?resize=350%2C200","width":350,"height":200},"classes":[]},{"id":792,"url":"https:\/\/lenablau.com\/?p=792","url_meta":{"origin":110,"position":2},"title":"El bar de Antonio","date":"julio 9, 2013","format":false,"excerpt":"Coca-Cola me encarg\u00f3 que escribiera un relato que tuviera relaci\u00f3n con los bares para el d\u00eda de san Bartolo. Junto con escritores de tanto renombre como Javier Reverte, Rosa Montero o Espido Freire, tuve el honor de que mi mon\u00f3logo fuera representado al aire libre en un punto de Madrid.\u2026","rel":"","context":"Entrada similar","img":{"alt_text":"fotos","src":"https:\/\/lenablau.files.wordpress.com\/2013\/07\/fotos.jpg?w=350&h=200&crop=1","width":350,"height":200},"classes":[]},{"id":789,"url":"https:\/\/lenablau.com\/?p=789","url_meta":{"origin":110,"position":3},"title":"El encanto de los bares","date":"junio 27, 2013","format":false,"excerpt":"Este s\u00e1bado 29 de junio Coca-Cola va a celebrar San Bartolo con una serie de actividades culturales para animar a la gente a que vuelva a los bares, esos lugares de encuentro y distracci\u00f3n donde muchos de nosotros pasamos gratos momentos. Yo misma he pasado muchas horas en uno de\u2026","rel":"","context":"Entrada similar","img":{"alt_text":"","src":"https:\/\/i1.wp.com\/img.youtube.com\/vi\/hC3KUie7Lz8\/0.jpg?resize=350%2C200","width":350,"height":200},"classes":[]},{"id":243,"url":"https:\/\/lenablau.com\/?p=243","url_meta":{"origin":110,"position":4},"title":"Adicta a mi otro yo","date":"mayo 6, 2012","format":false,"excerpt":"La vida real es dif\u00edcil. La rutina nos atrapa con su programado d\u00eda a d\u00eda. Tenemos responsabilidades, preocupaciones, miedos... Es cierto que tambi\u00e9n existen momentos buenos, de esos que nos dan un poquito de gasolina vital para seguir ilusionados y no tirar la toalla. Y muchas veces, esas cosas que\u2026","rel":"","context":"Entrada similar","img":{"alt_text":"","src":"https:\/\/i2.wp.com\/img.youtube.com\/vi\/2t1Jdvphhxk\/0.jpg?resize=350%2C200","width":350,"height":200},"classes":[]},{"id":531,"url":"https:\/\/lenablau.com\/?p=531","url_meta":{"origin":110,"position":5},"title":"Hermanas","date":"febrero 18, 2013","format":false,"excerpt":"Hoy quiero hablar de hermanas, y no me refiero s\u00f3lo a las hermanas de sangre (y eso que la m\u00eda es la mejor hermana biol\u00f3gica que jam\u00e1s podr\u00eda haberme dado la vida, ya que es una compa\u00f1era de viaje excepcional y sin ella una parte de m\u00ed simplemente no existir\u00eda).\u2026","rel":"","context":"Entrada similar","img":{"alt_text":"","src":"","width":0,"height":0},"classes":[]}],"_links":{"self":[{"href":"https:\/\/lenablau.com\/index.php?rest_route=\/wp\/v2\/posts\/110"}],"collection":[{"href":"https:\/\/lenablau.com\/index.php?rest_route=\/wp\/v2\/posts"}],"about":[{"href":"https:\/\/lenablau.com\/index.php?rest_route=\/wp\/v2\/types\/post"}],"author":[{"embeddable":true,"href":"https:\/\/lenablau.com\/index.php?rest_route=\/wp\/v2\/users\/1"}],"replies":[{"embeddable":true,"href":"https:\/\/lenablau.com\/index.php?rest_route=%2Fwp%2Fv2%2Fcomments&post=110"}],"version-history":[{"count":0,"href":"https:\/\/lenablau.com\/index.php?rest_route=\/wp\/v2\/posts\/110\/revisions"}],"wp:attachment":[{"href":"https:\/\/lenablau.com\/index.php?rest_route=%2Fwp%2Fv2%2Fmedia&parent=110"}],"wp:term":[{"taxonomy":"category","embeddable":true,"href":"https:\/\/lenablau.com\/index.php?rest_route=%2Fwp%2Fv2%2Fcategories&post=110"},{"taxonomy":"post_tag","embeddable":true,"href":"https:\/\/lenablau.com\/index.php?rest_route=%2Fwp%2Fv2%2Ftags&post=110"}],"curies":[{"name":"wp","href":"https:\/\/api.w.org\/{rel}","templated":true}]}}