{"id":108,"date":"2012-01-17T17:10:01","date_gmt":"2012-01-17T17:10:01","guid":{"rendered":"http:\/\/lenablau.megustaescribir.com\/?p=108"},"modified":"2012-01-17T17:10:01","modified_gmt":"2012-01-17T17:10:01","slug":"amor-y-musica-2","status":"publish","type":"post","link":"https:\/\/lenablau.com\/?p=108","title":{"rendered":"AMOR Y M\u00daSICA"},"content":{"rendered":"<p><strong><em>La Canci\u00f3n N\u00famero Siete <\/em><\/strong>es una novela que habla de dos corazones desgarrados que ser\u00e1n transformados por la magia de una canci\u00f3n. Carlos es un estudiante de arquitectura cuya guitarra ha enmudecido desde la tr\u00e1gica muerte de sus padres. Blanca es una chica introvertida e insegura que se esconde en su herm\u00e9tico universo. Cuando una serie de circunstancias les obligan a vivir bajo el mismo techo, ambos se detestar\u00e1n. No obstante, poco a poco terminar\u00e1n descubriendo que juntos pueden romper todas las ataduras emocionales que les impiden disfrutar de la vida. Es un libro que nos anima a superar los miedos m\u00e1s profundos, a enamorarnos sin reservas, a perdonar y, sobre todo, a dejar que la magia de la m\u00fasica nos gu\u00ede a cada paso. Tener miedo a sentir es morir en vida.<\/p>\n","protected":false},"excerpt":{"rendered":"<p>La Canci\u00f3n N\u00famero Siete es una novela que habla de dos corazones desgarrados que ser\u00e1n transformados por la magia de una canci\u00f3n. Carlos es un estudiante de arquitectura cuya guitarra ha enmudecido desde la tr\u00e1gica muerte de sus padres. Blanca es una chica introvertida e insegura que se esconde en su herm\u00e9tico universo. Cuando una&hellip; <\/p>\n","protected":false},"author":1,"featured_media":0,"comment_status":"open","ping_status":"open","sticky":false,"template":"","format":"standard","meta":{"spay_email":"","jetpack_publicize_message":"","jetpack_is_tweetstorm":false,"jetpack_publicize_feature_enabled":true},"categories":[2],"tags":[15,16,18,22,23,31,32,34,38],"jetpack_featured_media_url":"","jetpack_publicize_connections":[],"jetpack_sharing_enabled":true,"jetpack_shortlink":"https:\/\/wp.me\/p9WDl5-1K","jetpack-related-posts":[{"id":146,"url":"https:\/\/lenablau.com\/?p=146","url_meta":{"origin":108,"position":0},"title":"\u00a1Cr\u00edticas que animan mucho!","date":"marzo 8, 2012","format":false,"excerpt":"Ayer me llev\u00e9 una grata sorpresa; una lectora de La canci\u00f3n n\u00famero siete ha disfrutado tanto de su lectura que se ha tomado la molestia de escribir una cr\u00edtica muy emocionante en una web literaria llamada \"Autoras en la sombra\". Creo que esta lectora ha sabido definir muy bien con\u2026","rel":"","context":"En \u00abSin categor\u00eda\u00bb","img":{"alt_text":"","src":"","width":0,"height":0},"classes":[]},{"id":235,"url":"https:\/\/lenablau.com\/?p=235","url_meta":{"origin":108,"position":1},"title":"M\u00fasica que ayuda a escribir","date":"mayo 3, 2012","format":false,"excerpt":"Una vez m\u00e1s, aqu\u00ed estoy, escribiendo en mi blog a horas intempestivas!! No s\u00e9 por qu\u00e9, pero soy un alma nocturna. Siempre se me ocurre algo que contar cuando ya es de noche y las estrellas me saludan. Debo de ser algo vampira, jajajaja, la luz me debilita y cuando\u2026","rel":"","context":"Entrada similar","img":{"alt_text":"","src":"https:\/\/i1.wp.com\/img.youtube.com\/vi\/OZsiv1C0-RU\/0.jpg?resize=350%2C200","width":350,"height":200},"classes":[]},{"id":1082,"url":"https:\/\/lenablau.com\/?p=1082","url_meta":{"origin":108,"position":2},"title":"Vuelvo al blog con una buena noticia","date":"septiembre 28, 2016","format":false,"excerpt":"Hace m\u00e1s de un a\u00f1o y medio en el que no he escrito nada en el blog. Motivos personales como tener un hijo\u00a0y centrarme en escribir mis libros me han mantenido alejada de vosotros. Pero hoy por fin vuelvo a dar se\u00f1ales de vida, y lo hago muy contenta porque\u2026","rel":"","context":"En \u00abBestseller\u00bb","img":{"alt_text":"portada-aevum-definitiva","src":"https:\/\/lenablau.files.wordpress.com\/2012\/01\/portada-aevum-definitiva.jpg?w=350&h=200&crop=1","width":350,"height":200},"classes":[]},{"id":538,"url":"https:\/\/lenablau.com\/?p=538","url_meta":{"origin":108,"position":3},"title":"Banda sonora de &#8220;La Canci\u00f3n n\u00famero siete&#8221;","date":"febrero 24, 2013","format":false,"excerpt":"Muchos de mis lectores resaltan la importancia que tiene la m\u00fasica de La Canci\u00f3n n\u00famero siete y que, debido a la estrecha relaci\u00f3n entre las canciones que van a apareciendo en la novela y la historia, han ido busc\u00e1ndolas en internet para poder escucharlas. Para facilitar esta tarea a los\u2026","rel":"","context":"Entrada similar","img":{"alt_text":"","src":"","width":0,"height":0},"classes":[]},{"id":781,"url":"https:\/\/lenablau.com\/?p=781","url_meta":{"origin":108,"position":4},"title":"Diario de la ilusi\u00f3n {D\u00eda 1}","date":"junio 1, 2013","format":false,"excerpt":"Querido diario de la ilusi\u00f3n: Hace ya tres a\u00f1os acab\u00e9 de escribir La canci\u00f3n n\u00famero siete. Con un desbordante entusiasmo, comenc\u00e9 a enviarla a las editoriales y agentes que yo consideraba que podr\u00edan interesarse por ella. Mientras esperaba la ansiada respuesta, a menudo pululaba por los pasillos de las librer\u00edas\u2026","rel":"","context":"Entrada similar","img":{"alt_text":"","src":"","width":0,"height":0},"classes":[]},{"id":2076,"url":"https:\/\/lenablau.com\/?p=2076","url_meta":{"origin":108,"position":5},"title":"Un regalo con alma","date":"marzo 18, 2019","format":false,"excerpt":"Hace mucho que no hago una entrada en mi blog, pero hoy vuelvo a dar se\u00f1ales de vida para avisaros que de que La canci\u00f3n n\u00famero 7 renueva su portada y para agradeceros que me sig\u00e1is quiero haceros un peque\u00f1o regalo: desde hoy hasta el viernes ten\u00e9is gratis la versi\u00f3n\u2026","rel":"","context":"Entrada similar","img":{"alt_text":"nuevaportadalcn7c","src":"https:\/\/i0.wp.com\/lenablau.com\/wp-content\/uploads\/2019\/03\/portadacorazo\u00cc\u0081n2019RGB.jpg?resize=350%2C200","width":350,"height":200},"classes":[]}],"_links":{"self":[{"href":"https:\/\/lenablau.com\/index.php?rest_route=\/wp\/v2\/posts\/108"}],"collection":[{"href":"https:\/\/lenablau.com\/index.php?rest_route=\/wp\/v2\/posts"}],"about":[{"href":"https:\/\/lenablau.com\/index.php?rest_route=\/wp\/v2\/types\/post"}],"author":[{"embeddable":true,"href":"https:\/\/lenablau.com\/index.php?rest_route=\/wp\/v2\/users\/1"}],"replies":[{"embeddable":true,"href":"https:\/\/lenablau.com\/index.php?rest_route=%2Fwp%2Fv2%2Fcomments&post=108"}],"version-history":[{"count":0,"href":"https:\/\/lenablau.com\/index.php?rest_route=\/wp\/v2\/posts\/108\/revisions"}],"wp:attachment":[{"href":"https:\/\/lenablau.com\/index.php?rest_route=%2Fwp%2Fv2%2Fmedia&parent=108"}],"wp:term":[{"taxonomy":"category","embeddable":true,"href":"https:\/\/lenablau.com\/index.php?rest_route=%2Fwp%2Fv2%2Fcategories&post=108"},{"taxonomy":"post_tag","embeddable":true,"href":"https:\/\/lenablau.com\/index.php?rest_route=%2Fwp%2Fv2%2Ftags&post=108"}],"curies":[{"name":"wp","href":"https:\/\/api.w.org\/{rel}","templated":true}]}}